{"id":616,"date":"2016-03-18T11:29:31","date_gmt":"2016-03-18T14:29:31","guid":{"rendered":"https:\/\/blogs2.correiobraziliense.com.br\/vicente\/?p=616"},"modified":"2016-03-18T11:29:31","modified_gmt":"2016-03-18T14:29:31","slug":"consenso-no-bc","status":"publish","type":"post","link":"https:\/\/blogs2.correiobraziliense.com.br\/vicente\/consenso-no-bc\/","title":{"rendered":"CONSENSO NO BC"},"content":{"rendered":"<p>\u00bb Em meio \u00e0s turbul\u00eancias pol\u00edticas, os diretores do Banco Central praticamente chegaram ao consenso: todos, sem exce\u00e7\u00e3o, devem votar pela manuten\u00e7\u00e3o da taxa b\u00e1sica de juros (Selic) em 14,25% ao ano na pr\u00f3xima reuni\u00e3o do Comit\u00ea de Pol\u00edtica Monet\u00e1ria (Copom). Ser\u00e1 o in\u00edcio da pavimenta\u00e7\u00e3o para a queda dos juros no segundo semestre.<\/p>\n<p>&nbsp;<\/p>\n<p><strong>Impeachment e infla\u00e7\u00e3o<\/strong><\/p>\n<p>&nbsp;<\/p>\n<p>\u00bb O BC torce para que a crise pol\u00edtica, que paralisa a economia, se resolva o mais rapidamente poss\u00edvel. S\u00f3 assim se poder\u00e1 ter um horizonte mais claro. Entre os t\u00e9cnicos da institui\u00e7\u00e3o, a aposta \u00e9 de que a aprova\u00e7\u00e3o do impeachment de Dilma sair\u00e1 antes da esperada queda da infla\u00e7\u00e3o.<\/p>\n<p>&nbsp;<\/p>\n<p><strong>Torcida contra Lula<\/strong><\/p>\n<p>&nbsp;<\/p>\n<p>\u00bb A torcida dentro do BC \u00e9 para que a Justi\u00e7a mantenha a proibi\u00e7\u00e3o para Lula assumir a Casa Civil. Com isso, Alexandre Tombini, que j\u00e1 se disse fora caso o ex-presidente ponha em pr\u00e1tica as maluquices defendidas pelo PT, como uso das reservas cambiais e redu\u00e7\u00e3o dos juros \u00e0 for\u00e7a, poder\u00e1 continuar no comando do banco.<\/p>\n<p>&nbsp;<\/p>\n<p><strong>Que venha a mudan\u00e7a<\/strong><\/p>\n<p>&nbsp;<\/p>\n<p>\u00bb Entre os t\u00e9cnicos do BC, a certeza \u00e9 de que o melhor que pode acontecer para o pa\u00eds \u00e9 a mudan\u00e7a do governo. N\u00e3o h\u00e1 como a economia se recuperar diante de uma crise pol\u00edtica t\u00e3o severa e uma onda de desconfian\u00e7a sem precedentes.<\/p>\n<p>&nbsp;<\/p>\n<p><em>Bras\u00edlia, 11h30min<\/em><\/p>\n","protected":false},"excerpt":{"rendered":"<p>\u00bb Em meio \u00e0s turbul\u00eancias pol\u00edticas, os diretores do Banco Central praticamente chegaram ao consenso: todos, sem exce\u00e7\u00e3o, devem votar pela manuten\u00e7\u00e3o da taxa b\u00e1sica de juros (Selic) em 14,25% ao ano na pr\u00f3xima reuni\u00e3o do Comit\u00ea de Pol\u00edtica Monet\u00e1ria (Copom). Ser\u00e1 o in\u00edcio da pavimenta\u00e7\u00e3o para a queda dos juros no segundo semestre. &nbsp; [&hellip;]<\/p>\n","protected":false},"author":22,"featured_media":0,"comment_status":"open","ping_status":"closed","sticky":false,"template":"","format":"standard","meta":{"wpb_read_more":[],"footnotes":""},"categories":[1],"tags":[],"class_list":["post-616","post","type-post","status-publish","format-standard","hentry","category-sem-categoria"],"_links":{"self":[{"href":"https:\/\/blogs2.correiobraziliense.com.br\/vicente\/wp-json\/wp\/v2\/posts\/616","targetHints":{"allow":["GET"]}}],"collection":[{"href":"https:\/\/blogs2.correiobraziliense.com.br\/vicente\/wp-json\/wp\/v2\/posts"}],"about":[{"href":"https:\/\/blogs2.correiobraziliense.com.br\/vicente\/wp-json\/wp\/v2\/types\/post"}],"author":[{"embeddable":true,"href":"https:\/\/blogs2.correiobraziliense.com.br\/vicente\/wp-json\/wp\/v2\/users\/22"}],"replies":[{"embeddable":true,"href":"https:\/\/blogs2.correiobraziliense.com.br\/vicente\/wp-json\/wp\/v2\/comments?post=616"}],"version-history":[{"count":1,"href":"https:\/\/blogs2.correiobraziliense.com.br\/vicente\/wp-json\/wp\/v2\/posts\/616\/revisions"}],"predecessor-version":[{"id":617,"href":"https:\/\/blogs2.correiobraziliense.com.br\/vicente\/wp-json\/wp\/v2\/posts\/616\/revisions\/617"}],"wp:attachment":[{"href":"https:\/\/blogs2.correiobraziliense.com.br\/vicente\/wp-json\/wp\/v2\/media?parent=616"}],"wp:term":[{"taxonomy":"category","embeddable":true,"href":"https:\/\/blogs2.correiobraziliense.com.br\/vicente\/wp-json\/wp\/v2\/categories?post=616"},{"taxonomy":"post_tag","embeddable":true,"href":"https:\/\/blogs2.correiobraziliense.com.br\/vicente\/wp-json\/wp\/v2\/tags?post=616"}],"curies":[{"name":"wp","href":"https:\/\/api.w.org\/{rel}","templated":true}]}}