{"id":622,"date":"2016-03-19T07:25:02","date_gmt":"2016-03-19T10:25:02","guid":{"rendered":"https:\/\/blogs2.correiobraziliense.com.br\/vicente\/?p=622"},"modified":"2016-03-19T07:26:29","modified_gmt":"2016-03-19T10:26:29","slug":"mar-de-incertezas","status":"publish","type":"post","link":"https:\/\/blogs2.correiobraziliense.com.br\/vicente\/mar-de-incertezas\/","title":{"rendered":"MAR DE INCERTEZAS"},"content":{"rendered":"<p>O pa\u00eds do samba e do futebol est\u00e1 mais dividido do que nunca. E, pior, mergulhado na incerteza. Depois de 24 anos, um processo de impeachment est\u00e1 em andamento e n\u00e3o se sabe que Brasil teremos se a presidente Dilma Rousseff continuar no poder ou se ela for retirada do Pal\u00e1cio do Planalto. Nesse ambiente t\u00e3o hostil, a \u00fanica certeza \u00e9 que a beliger\u00e2ncia nas ruas vai aumentar e a economia, que agoniza, mergulhar\u00e1 num abismo profundo.<\/p>\n<p>&nbsp;<\/p>\n<p>Nada do que assistimos hoje foi resultado do acaso. Desde que tomou posse, Dilma fez as escolhas erradas. Destruiu item por item dos pilares da estabilidade que permitiu \u00e0 administra\u00e7\u00e3o anterior fazer um dos mais exitosos programas de inclus\u00e3o social do mundo. Apesar de todos os alertas, preferiu atacar os cr\u00edticos, acusando-os de sabotadores. Dona de si, menosprezou a pol\u00edtica, convencida de que teria for\u00e7a suficiente para aprovar o que quisesse no Congresso.<\/p>\n<p>&nbsp;<\/p>\n<p>Na campanha \u00e0 reelei\u00e7\u00e3o, n\u00e3o se intimidou em estimular a divis\u00e3o do pa\u00eds, ao desqualificar seus advers\u00e1rios. Insuflou o quanto p\u00f4de o n\u00f3s contra eles. Para isso, n\u00e3o economizou nas inverdades. Agora, prova do pr\u00f3prio veneno. Ao ser pega na mentira, viu a popularidade ruir. A base de apoio no Congresso se esfacelou. Com o mandato amea\u00e7ado, foi obrigada a recorrer a seu criador, Lula, beneficiado com o foro privilegiado ao ser nomeado ministro da Casa Civil.<\/p>\n<p>&nbsp;<\/p>\n<p><b>Corrup\u00e7\u00e3o<\/b><\/p>\n<p>&nbsp;<br \/>\nDilma tem certeza de que est\u00e1 viva o suficiente para chegar ao fim de 2018 com o pa\u00eds de p\u00e9. Seus assessores usam as manifesta\u00e7\u00f5es de ontem em defesa do governo como o mais claro sinal de que o PT \u00e9 capaz de movimentar as massas, que lhe ser\u00e3o fi\u00e9is nas pr\u00f3ximas elei\u00e7\u00f5es. A leitura que se faz no Pal\u00e1cio do Planalto \u00e9 a de que Lula, mesmo com todas as den\u00fancias de corrup\u00e7\u00e3o que pairam sobre ele, tem for\u00e7a suficiente para derrotar o impeachment e ser eleito novamente.<\/p>\n<p>&nbsp;<\/p>\n<p>Na avalia\u00e7\u00e3o do Planalto, apesar de todo o desgaste do governo, Lula \u00e9 o candidato mais vi\u00e1vel para suceder Dilma. Integrantes do PT ressaltam que nenhum candidato de oposi\u00e7\u00e3o conseguiu ocupar espa\u00e7o entre o eleitorado. H\u00e1, sim, um sentimento de rep\u00fadio em rela\u00e7\u00e3o \u00e0 corrup\u00e7\u00e3o na Petrobras desvendada pela Lava-Jato, mas a falta de alternativa acaba fazendo com que parcela importante da popula\u00e7\u00e3o se apegue ao hist\u00f3rico do l\u00edder petista. Prevalece o entendimento de que o PT e Lula s\u00e3o corruptos, mas n\u00e3o tanto quanto representantes do PMDB e do PSDB.<\/p>\n<p>&nbsp;<\/p>\n<p>A meta do governo \u00e9 explorar ao m\u00e1ximo a figura de Lula, vitimizando-o. A ordem \u00e9 bater pesado no que muitos juristas classificam como excessos da Justi\u00e7a. Os petistas querem consolidar a imagem de que o juiz S\u00e9rgio Moro tamb\u00e9m comete erros, e est\u00e1 agindo mais de forma pol\u00edtica do que t\u00e9cnica. Essa tese foi muito comentada nas manifesta\u00e7\u00f5es de ontem. Foi a base do discurso usado pelos intelectuais que sa\u00edram \u00e0s ruas em defesa de Dilma e de Lula.<\/p>\n<p>&nbsp;<\/p>\n<p><b>Desconfian\u00e7a<\/b><\/p>\n<p>&nbsp;<\/p>\n<p>A despeito da for\u00e7a que o governo acredita que tem e quer ressaltar, os agentes econ\u00f4micos, em grande maioria, d\u00e3o o impeachment como certo. Nos c\u00e1lculos de analistas do mercado financeiro, \u00e9 de 80% a probabilidade de Dilma ter o mandato interrompido. Essa certeza faz com que poucos deem aten\u00e7\u00e3o aos apelos da equipe econ\u00f4mica para que os neg\u00f3cios sejam retomados, pois, independentemente da crise pol\u00edtica que emba\u00e7a o horizonte, o potencial do pa\u00eds \u00e9 enorme.<\/p>\n<p>&nbsp;<\/p>\n<p>Esse discurso \u00e9 difundido, principalmente, pelo ministro da Fazenda, Nelson Barbosa. Mas, para empres\u00e1rios e investidores, como Dilma est\u00e1 com os dias contados, o chefe da equipe econ\u00f4mica est\u00e1 vendendo vento. Ontem, anunciou uma s\u00e9rie de medidas com o intuito de retomar a confian\u00e7a e o crescimento econ\u00f4mico. Quase ningu\u00e9m lhe deu ouvidos. Barbosa j\u00e1 \u00e9 visto como quase ex-ministro. N\u00e3o h\u00e1, portanto, porque lhe dar cr\u00e9dito.<\/p>\n<p>&nbsp;<\/p>\n<p>Em meio a tanto descr\u00e9dito, os dias que est\u00e3o por vir prometem muita emo\u00e7\u00e3o. O pa\u00eds travar\u00e1 um embate que nunca se viu na hist\u00f3ria. O risco de as diverg\u00eancias ideol\u00f3gicas descambarem para a viol\u00eancia \u00e9 enorme. Tomara que prevale\u00e7a o bom senso. E, melhor, possamos ter intelig\u00eancia suficiente para escolher o melhor caminho. J\u00e1 perdemos tempo demais insistindo nos erros.<\/p>\n<p>&nbsp;<\/p>\n<p>Bras\u00edlia, 07h25min<\/p>\n","protected":false},"excerpt":{"rendered":"<p>O pa\u00eds do samba e do futebol est\u00e1 mais dividido do que nunca. E, pior, mergulhado na incerteza. Depois de 24 anos, um processo de impeachment est\u00e1 em andamento e n\u00e3o se sabe que Brasil teremos se a presidente Dilma Rousseff continuar no poder ou se ela for retirada do Pal\u00e1cio do Planalto. Nesse ambiente [&hellip;]<\/p>\n","protected":false},"author":22,"featured_media":0,"comment_status":"open","ping_status":"closed","sticky":false,"template":"","format":"standard","meta":{"wpb_read_more":[],"footnotes":""},"categories":[1],"tags":[],"class_list":["post-622","post","type-post","status-publish","format-standard","hentry","category-sem-categoria"],"_links":{"self":[{"href":"https:\/\/blogs2.correiobraziliense.com.br\/vicente\/wp-json\/wp\/v2\/posts\/622","targetHints":{"allow":["GET"]}}],"collection":[{"href":"https:\/\/blogs2.correiobraziliense.com.br\/vicente\/wp-json\/wp\/v2\/posts"}],"about":[{"href":"https:\/\/blogs2.correiobraziliense.com.br\/vicente\/wp-json\/wp\/v2\/types\/post"}],"author":[{"embeddable":true,"href":"https:\/\/blogs2.correiobraziliense.com.br\/vicente\/wp-json\/wp\/v2\/users\/22"}],"replies":[{"embeddable":true,"href":"https:\/\/blogs2.correiobraziliense.com.br\/vicente\/wp-json\/wp\/v2\/comments?post=622"}],"version-history":[{"count":2,"href":"https:\/\/blogs2.correiobraziliense.com.br\/vicente\/wp-json\/wp\/v2\/posts\/622\/revisions"}],"predecessor-version":[{"id":624,"href":"https:\/\/blogs2.correiobraziliense.com.br\/vicente\/wp-json\/wp\/v2\/posts\/622\/revisions\/624"}],"wp:attachment":[{"href":"https:\/\/blogs2.correiobraziliense.com.br\/vicente\/wp-json\/wp\/v2\/media?parent=622"}],"wp:term":[{"taxonomy":"category","embeddable":true,"href":"https:\/\/blogs2.correiobraziliense.com.br\/vicente\/wp-json\/wp\/v2\/categories?post=622"},{"taxonomy":"post_tag","embeddable":true,"href":"https:\/\/blogs2.correiobraziliense.com.br\/vicente\/wp-json\/wp\/v2\/tags?post=622"}],"curies":[{"name":"wp","href":"https:\/\/api.w.org\/{rel}","templated":true}]}}