{"id":625,"date":"2016-03-22T00:04:08","date_gmt":"2016-03-22T03:04:08","guid":{"rendered":"https:\/\/blogs2.correiobraziliense.com.br\/vicente\/?p=625"},"modified":"2016-03-22T13:41:35","modified_gmt":"2016-03-22T16:41:35","slug":"na-cova-dos-leoes","status":"publish","type":"post","link":"https:\/\/blogs2.correiobraziliense.com.br\/vicente\/na-cova-dos-leoes\/","title":{"rendered":"NA COVA DOS LE\u00d5ES"},"content":{"rendered":"<p>O nervosismo do governo aumentou nos \u00faltimos dias na mesma propor\u00e7\u00e3o que cresceu a euforia dos agentes econ\u00f4micos. A aposta na sa\u00edda de Dilma Rousseff da Presid\u00eancia da Rep\u00fablica se tornou majorit\u00e1ria e j\u00e1 se mapeia o que ser\u00e1 a administra\u00e7\u00e3o do vice, Michel Temer. Poucos acreditam que a petista receber\u00e1 o apoio que precisa do PMDB para se livrar do impeachment. Ela deixou a corda esticar demais.<\/p>\n<p>&nbsp;<\/p>\n<p>Nas contas do mercado, a probabilidade de Dilma perder o mandato varia entre 60% e 80%. Esse cen\u00e1rio contempla o fracasso de Lula como articulador pol\u00edtico. O objetivo do l\u00edder petista, que ainda n\u00e3o conseguiu tomar posse como ministro da Casa Civil, \u00e9 repetir o feito durante o mensal\u00e3o. Naquele per\u00edodo, o PMDB estava fora do governo. Mas o ent\u00e3o presidente da Rep\u00fablica conseguiu dobrar o partido ao nomear o mineiro H\u00e9lio Costa para o Minist\u00e9rio das Comunica\u00e7\u00f5es.<\/p>\n<p>&nbsp;<\/p>\n<p>A primeira tentativa de reprisar a jogada foi a nomea\u00e7\u00e3o do tamb\u00e9m mineiro Mauro Lopes para a Secretaria de Avia\u00e7\u00e3o Civil. Mas, at\u00e9 agora, o governo n\u00e3o recebeu nenhum sinal de apoio do PMDB. Muito pelo contr\u00e1rio. As indica\u00e7\u00f5es s\u00e3o de que a legenda pular\u00e1 do barco. Ao dar 30 dias para decidir se permanece ou n\u00e3o na base aliada, o partido quer medir a temperatura no Congresso sobre o impeachment. Se perceber que a derrota de Dilma na comiss\u00e3o que avaliar\u00e1 o impedimento ser\u00e1 expressiva, o desembarque se tornar\u00e1 inevit\u00e1vel. Mas, caso a petista perca por pouco, com chances de sair vitoriosa no plen\u00e1rio, manter\u00e1 seu feudo na Esplanada. O PMDB n\u00e3o vive longe do poder.<\/p>\n<p>&nbsp;<\/p>\n<p>A maior parte do governo reconhece a derrota de Dilma na comiss\u00e3o do impeachment. Mas Lula acredita que ainda \u00e9 poss\u00edvel virar o jogo. Mesmo sem o cargo de ministro, ele est\u00e1 em Bras\u00edlia negociando o que pode para tentar salvar o governo. Ele sabe que, assim como Dilma, est\u00e1 em uma situa\u00e7\u00e3o vulner\u00e1vel, com a nomea\u00e7\u00e3o para a Casa Civil suspensa pelo Supremo Tribunal Federal (STF) e com a possibilidade de ser preso pelo juiz S\u00e9rgio Moro. Nessa condi\u00e7\u00e3o, seu poder de convencimento ficou menor. E o PMDB tem a exata no\u00e7\u00e3o disso.<\/p>\n<p>&nbsp;<\/p>\n<p><strong>Desencanto<\/strong><\/p>\n<p>&nbsp;<\/p>\n<p>Com Dilma acuada pelo processo de impeachment, a equipe econ\u00f4mica tentou ontem criar um fato positivo para mostrar que o governo n\u00e3o est\u00e1 morto e que h\u00e1, sim, espa\u00e7o para reanimar o Produto Interno Bruto (PIB), que est\u00e1 derretendo e pode encerrar o ano com queda superior a 4%. O ministro da Fazenda, Nelson Barbosa, que completou tr\u00eas meses no cargo nesta segunda-feira, anunciou um pacote de medidas na \u00e1rea fiscal. Praticamente todas dependem de aprova\u00e7\u00e3o do Congresso. Ou seja, n\u00e3o v\u00e3o sair at\u00e9 que o quadro pol\u00edtico tenha uma defini\u00e7\u00e3o.<\/p>\n<p>&nbsp;<\/p>\n<p>Nada do que Barbosa anunciou \u00e9 novidade. Tudo foi cantado em prosa e verso nos \u00faltimos dias: refinanciamento da d\u00edvida dos estados, limite para o aumento dos gastos p\u00fablicos, cria\u00e7\u00e3o de uma conta remunerada que ser\u00e1 administrada pelo Banco Central com um \u00fanico objetivo: reduzir a d\u00edvida p\u00fablica, que caminha para 80% do PIB. O desencanto dos agentes econ\u00f4micos com Barbosa \u00e9 geral. Al\u00e9m de o governo n\u00e3o ter o apoio que precisa, o ministro pode ser punido pelo Tribunal de Contas da Uni\u00e3o (TCU) por ter participado das pedaladas fiscais, que d\u00e3o base ao processo de impeachment de Dilma.<\/p>\n<p>&nbsp;<\/p>\n<p>A grande preocupa\u00e7\u00e3o dos investidores \u00e9 que, no desespero, o governo acabe resvalando para o populismo para insuflar as bases sociais. Isso implicaria a venda de reservas internacionais e redu\u00e7\u00e3o da taxa b\u00e1sica de juros (Selic) por canetada. Dilma quebrou o pa\u00eds ao seguir nessa toada. Quando tentou reverter as maluquices que prevaleceram no primeiro mandato, a situa\u00e7\u00e3o se mostrou incontrol\u00e1vel. A infla\u00e7\u00e3o disparou, o PIB afundou e o desemprego cresceu. O Minist\u00e9rio do Trabalho e da Previd\u00eancia Social divulga hoje o resultado do emprego formal em fevereiro. Os mais pessimistas falam em fechamento de pelo menos 100 mil vagas. Um desastre.<\/p>\n<p>&nbsp;<\/p>\n<p><strong>Pris\u00e3o de Cunha<\/strong><\/p>\n<p>&nbsp;<\/p>\n<p>O ideal seria que todo o processo de impeachment de Dilma ocorresse sem a presen\u00e7a do deputado Eduardo Cunha na presid\u00eancia da C\u00e2mara. A decis\u00e3o sobre o mandato da petista, para o bem ou para o mal, ganharia maior legitimidade. A esperan\u00e7a de quem torce pelo fim do governo \u00e9 de que Cunha seja preso nos pr\u00f3ximos dias \u2014 ele e a mulher, Cl\u00e1udia Cruz. Al\u00e9m de explicitar para a sociedade que as investiga\u00e7\u00f5es da Lava-Jato n\u00e3o miram apenas os corruptos do PT, a Justi\u00e7a livraria o pa\u00eds de conviver, diariamente, com uma das figuras mais nefastas de que se tem not\u00edcia.<\/p>\n<p>&nbsp;<\/p>\n<p>Para os agentes econ\u00f4micos, Cunha j\u00e1 deveria estar na cadeia. Mas, enquanto isso n\u00e3o ocorre, a grande preocupa\u00e7\u00e3o \u00e9 que se prepare um terreno s\u00f3lido para o caso de troca de governo. O processo de impeachment precisa seguir seu ritmo normal, sem atropelos, para que n\u00e3o se empurre o pa\u00eds para o caos social. Com todo o estrago feito na economia nos \u00faltimos anos, a desigualdade entre ricos e pobres voltou a crescer. A mis\u00e9ria est\u00e1 dando as caras sem constrangimento. Fam\u00edlias j\u00e1 n\u00e3o conseguem pagar contas b\u00e1sicas. Portanto, quem vier ter\u00e1 que resgatar a credibilidade e a esperan\u00e7a. O Brasil j\u00e1 perdeu tempo demais.<\/p>\n<p>&nbsp;<\/p>\n<p><em>Bras\u00edlia, 00h01min<\/em><\/p>\n","protected":false},"excerpt":{"rendered":"<p>O nervosismo do governo aumentou nos \u00faltimos dias na mesma propor\u00e7\u00e3o que cresceu a euforia dos agentes econ\u00f4micos. A aposta na sa\u00edda de Dilma Rousseff da Presid\u00eancia da Rep\u00fablica se tornou majorit\u00e1ria e j\u00e1 se mapeia o que ser\u00e1 a administra\u00e7\u00e3o do vice, Michel Temer. Poucos acreditam que a petista receber\u00e1 o apoio que precisa [&hellip;]<\/p>\n","protected":false},"author":22,"featured_media":0,"comment_status":"open","ping_status":"closed","sticky":false,"template":"","format":"standard","meta":{"wpb_read_more":[],"footnotes":""},"categories":[1],"tags":[],"class_list":["post-625","post","type-post","status-publish","format-standard","hentry","category-sem-categoria"],"_links":{"self":[{"href":"https:\/\/blogs2.correiobraziliense.com.br\/vicente\/wp-json\/wp\/v2\/posts\/625","targetHints":{"allow":["GET"]}}],"collection":[{"href":"https:\/\/blogs2.correiobraziliense.com.br\/vicente\/wp-json\/wp\/v2\/posts"}],"about":[{"href":"https:\/\/blogs2.correiobraziliense.com.br\/vicente\/wp-json\/wp\/v2\/types\/post"}],"author":[{"embeddable":true,"href":"https:\/\/blogs2.correiobraziliense.com.br\/vicente\/wp-json\/wp\/v2\/users\/22"}],"replies":[{"embeddable":true,"href":"https:\/\/blogs2.correiobraziliense.com.br\/vicente\/wp-json\/wp\/v2\/comments?post=625"}],"version-history":[{"count":9,"href":"https:\/\/blogs2.correiobraziliense.com.br\/vicente\/wp-json\/wp\/v2\/posts\/625\/revisions"}],"predecessor-version":[{"id":640,"href":"https:\/\/blogs2.correiobraziliense.com.br\/vicente\/wp-json\/wp\/v2\/posts\/625\/revisions\/640"}],"wp:attachment":[{"href":"https:\/\/blogs2.correiobraziliense.com.br\/vicente\/wp-json\/wp\/v2\/media?parent=625"}],"wp:term":[{"taxonomy":"category","embeddable":true,"href":"https:\/\/blogs2.correiobraziliense.com.br\/vicente\/wp-json\/wp\/v2\/categories?post=625"},{"taxonomy":"post_tag","embeddable":true,"href":"https:\/\/blogs2.correiobraziliense.com.br\/vicente\/wp-json\/wp\/v2\/tags?post=625"}],"curies":[{"name":"wp","href":"https:\/\/api.w.org\/{rel}","templated":true}]}}