{"id":63,"date":"2015-03-12T00:01:00","date_gmt":"2015-03-12T03:01:00","guid":{"rendered":"https:\/\/blogs2.correiobraziliense.com.br\/vicente\/impeachment\/"},"modified":"2015-03-12T00:01:00","modified_gmt":"2015-03-12T03:01:00","slug":"impeachment","status":"publish","type":"post","link":"https:\/\/blogs2.correiobraziliense.com.br\/vicente\/impeachment\/","title":{"rendered":"IMPEACHMENT"},"content":{"rendered":"\n<p>Ainda que com uma certa cautela, o mercado financeiro passou a embutir nas suas proje\u00e7\u00f5es a perspectiva de a presidente Dilma Rousseff deixar o governo por meio de um processo de impeachment. O tema ganhou for\u00e7a nas discuss\u00f5es de bancos e corretoras desde o in\u00edcio da semana, diante do surpreendente panela\u00e7o de domingo, em protesto contra o pronunciamento da petista em rede de tev\u00ea, e da propor\u00e7\u00e3o que podem ganhar as manifesta\u00e7\u00f5es marcadas para este fim de semana. <\/p>\n<p>&nbsp;Por enquanto, a sa\u00edda de Dilma \u00e9 considerada remota, pois, mesmo esfacelado, o governo ainda tem condi\u00e7\u00f5es de reconstruir o apoio pol\u00edtico que perdeu nos \u00faltimos dois meses, sobretudo depois da desastrada campanha para derrotar Eduardo Cunha (PMDB-RJ) na disputa pela presid\u00eancia da C\u00e2mara dos Deputados e da divulga\u00e7\u00e3o da lista de parlamentares envolvidos na Opera\u00e7\u00e3o Lava-Jato. <\/p>\n<p>Entre os analistas, a vis\u00e3o \u00e9 de que, aconselhada por Lula, a presidente abrir\u00e1 todas as portas de sua administra\u00e7\u00e3o para o PMDB e as legendas que garantirem maioria no Congresso. Distribuir\u00e1 cargos e mais cargos nos segundo e terceiro escal\u00f5es em troca de suporte de deputados e senadores. Isso, por\u00e9m, n\u00e3o ser\u00e1 garantia de tranquilidade. A depender do tamanho da gritaria nas ruas, pol\u00edticos infi\u00e9is \u2014 que s\u00e3o muitos \u2014 poder\u00e3o se engajar, sem constrangimento, no processo de afastamento da chefe do Executivo. <\/p>\n<p>Na avalia\u00e7\u00e3o do cientista pol\u00edtico David Fleischer, da Universidade de Bras\u00edlia (UnB), os investidores t\u00eam raz\u00e3o de sobra para estar apreensivos, pois s\u00e3o crescentes os riscos de as novas fases das investiga\u00e7\u00f5es sobre a corrup\u00e7\u00e3o na Petrobras desaguarem com tudo no Pal\u00e1cio do Planalto. \u201cPor enquanto, n\u00e3o h\u00e1 nada que justifique o processo de impeachment. Mas, se provas apareceram contra o governo, ser\u00e1 dif\u00edcil segurar o movimento para a retirada da presidente do poder\u201d, diz. <\/p>\n<p>Fleischer ressalta que, do ponto de vista popular, a situa\u00e7\u00e3o da chefe do governo \u00e9 muito fr\u00e1gil. Ele acredita que as pr\u00f3ximas pesquisas tender\u00e3o a mostrar mais uma queda forte no \u00edndice de aprova\u00e7\u00e3o de Dilma. As apostas s\u00e3o de que fique entre 15% e 20%, dando for\u00e7a ao desejo da oposi\u00e7\u00e3o de interromper, mesmo que de forma traum\u00e1tica, a era PT iniciada em 2003 com a elei\u00e7\u00e3o de Lula. <\/p>\n<p>Ex-diretor do Banco Central, Carlos Eduardo de Freitas afirma que, por precau\u00e7\u00e3o, muitos investidores est\u00e3o retirando recursos do Brasil temendo as repercuss\u00f5es sobre uma poss\u00edvel deposi\u00e7\u00e3o de Dilma. Para ele, mesmo que n\u00e3o se chegue a esse ponto extremo, que ter\u00e1 custos pesados para a economia, o des\u00e2nimo em rela\u00e7\u00e3o ao pa\u00eds \u00e9 brutal. N\u00e3o sem raz\u00e3o. <\/p>\n<p>A grande maioria dos investidores subestimou a situa\u00e7\u00e3o macroecon\u00f4mica brasileira. Sabia-se que o pa\u00eds estava mergulhado em um quadro preocupante, com rombos nas contas p\u00fablicas e externas, infla\u00e7\u00e3o alta e baixo crescimento. Mas, quando a elei\u00e7\u00e3o acabou, foi-se desnudando um cen\u00e1rio de descontrole criado pela pr\u00f3pria presidente nos quatro primeiros anos de mandato. <\/p>\n<p>A vis\u00e3o predominante hoje no mercado, assinala Freitas, \u00e9 a de que o ajuste fiscal prometido pelo ministro da Fazenda, Joaquim Levy, \u00e9 apenas o ponto inicial de um processo para o resgate da confian\u00e7a no Brasil. \u201cN\u00e3o ser\u00e3o os R$ 66 bilh\u00f5es de superavit prim\u00e1rio (1,2% do Produto Interno Bruto) que far\u00e3o o pa\u00eds sair do inferno direto para o para\u00edso\u201d, frisa. <\/p>\n<p>A desestrutura\u00e7\u00e3o da economia foi t\u00e3o profunda, com intervencionismo e excesso de subs\u00eddios, que levar\u00e1 anos para que o Brasil recupere a capacidade de crescimento sustentado. S\u00e3o esses equ\u00edvocos na pol\u00edtica econ\u00f4mica que, segundo os investidores, d\u00e3o for\u00e7a aos movimentos populares a favor do impeachment. <\/p>\n<p>Os mais ricos e a classe m\u00e9dia j\u00e1 haviam demonstrado descontentamento com Dilma durante as elei\u00e7\u00f5es. Agora, com a infla\u00e7\u00e3o nas alturas, os tarifa\u00e7os e o aumento do desemprego, ser\u00e1 a vez dos tradicionais eleitores do PT levantarem a voz contra o governo. Esse \u00e9 o maior medo do Planalto. <\/p>\n<p><b>Estresse na Fazenda<\/b> <\/p>\n<p>\u00bb Causou muita apreens\u00e3o e estresse no Minist\u00e9rio da Fazenda a vota\u00e7\u00e3o, no Congresso, sobre o veto da presidente Dilma para a renova\u00e7\u00e3o de subs\u00eddios \u00e0s empresas eletrointensivas do Norte e do Nordeste. Est\u00e1 se falando de uma fatura de R$ 5 bilh\u00f5es ao ano. Um baque para o ajuste fiscal. <\/p>\n<p><b>Realidade ou fic\u00e7\u00e3o?<\/b> <\/p>\n<p>\u00bb Economistas que estiveram com o diretor de Pol\u00edtica Econ\u00f4mica do Banco Central, Luiz Awazu Pereira, nos dias 19 e 20 de fevereiro, est\u00e3o ansiosos pelo primeiro relat\u00f3rio trimestral de infla\u00e7\u00e3o que ele divulgar\u00e1 no fim deste m\u00eas. Querem saber se realmente o documento espelhar\u00e1 a dura realidade vivida pelo pa\u00eds ou ser\u00e1 apenas mais uma obra de fic\u00e7\u00e3o do governo. <\/p>\n<p><b>Infla\u00e7\u00e3o em alta e PIB em queda<\/b> <\/p>\n<p>\u00bb Se realmente levar em conta o que ouviu dos especialistas para construir o relat\u00f3rio de infla\u00e7\u00e3o, Awazu ter\u00e1 que mostrar o PIB em queda e a infla\u00e7\u00e3o mais pr\u00f3xima de 7,5%. No documento divulgado \u00e0s v\u00e9speras do Natal de 2014, o BC previa crescimento de 0,6% at\u00e9 o terceiro trimestre deste ano e infla\u00e7\u00e3o de 6,4%. <\/p>\n<p><b>Cargo nos Correios<\/b> <\/p>\n<p>\u00bb Chefe da casa Civil do governo Agnelo Queiroz e secret\u00e1rio executivo da Casa Civil na \u00e9poca de Jos\u00e9 Dirceu, o dentista Swedenberger Barbosa foi nomeado assessor especial do presidente dos Correios, Wagner Pinheiro. O sal\u00e1rio est\u00e1 pr\u00f3ximo de R$ 20 mil. \u201cFui contratado para ajudar os Correios a implantarem um novo modelo de governan\u00e7a, a fim de melhorar o desempenho das atividades\u201d, justifica. <\/p>\n<p><b>Aprova\u00e7\u00e3o no ch\u00e3o<\/b> <\/p>\n<p>\u00bb Pesquisa da MeSeems, empresa de web-mobile, mostra que 72% dos entrevistados consideram o governo Dilma ruim e p\u00e9ssimo e apenas 3%, bom e \u00f3timo. E mais: 79% dizem estar cientes das manifesta\u00e7\u00f5es marcadas para domingo a favor do impeachment. <\/p>\n<p>Bras\u00edlia, 00h01min   <\/p>\n","protected":false},"excerpt":{"rendered":"<p>Ainda que com uma certa cautela, o mercado financeiro passou a embutir nas suas proje\u00e7\u00f5es a perspectiva de a presidente Dilma Rousseff deixar o governo por meio de um processo de impeachment. O tema ganhou for\u00e7a nas discuss\u00f5es de bancos e corretoras desde o in\u00edcio da semana, diante do surpreendente panela\u00e7o de domingo, em protesto [&hellip;]<\/p>\n","protected":false},"author":22,"featured_media":0,"comment_status":"open","ping_status":"open","sticky":false,"template":"","format":"standard","meta":{"wpb_read_more":[],"footnotes":""},"categories":[1],"tags":[],"class_list":["post-63","post","type-post","status-publish","format-standard","hentry","category-sem-categoria"],"_links":{"self":[{"href":"https:\/\/blogs2.correiobraziliense.com.br\/vicente\/wp-json\/wp\/v2\/posts\/63","targetHints":{"allow":["GET"]}}],"collection":[{"href":"https:\/\/blogs2.correiobraziliense.com.br\/vicente\/wp-json\/wp\/v2\/posts"}],"about":[{"href":"https:\/\/blogs2.correiobraziliense.com.br\/vicente\/wp-json\/wp\/v2\/types\/post"}],"author":[{"embeddable":true,"href":"https:\/\/blogs2.correiobraziliense.com.br\/vicente\/wp-json\/wp\/v2\/users\/22"}],"replies":[{"embeddable":true,"href":"https:\/\/blogs2.correiobraziliense.com.br\/vicente\/wp-json\/wp\/v2\/comments?post=63"}],"version-history":[{"count":0,"href":"https:\/\/blogs2.correiobraziliense.com.br\/vicente\/wp-json\/wp\/v2\/posts\/63\/revisions"}],"wp:attachment":[{"href":"https:\/\/blogs2.correiobraziliense.com.br\/vicente\/wp-json\/wp\/v2\/media?parent=63"}],"wp:term":[{"taxonomy":"category","embeddable":true,"href":"https:\/\/blogs2.correiobraziliense.com.br\/vicente\/wp-json\/wp\/v2\/categories?post=63"},{"taxonomy":"post_tag","embeddable":true,"href":"https:\/\/blogs2.correiobraziliense.com.br\/vicente\/wp-json\/wp\/v2\/tags?post=63"}],"curies":[{"name":"wp","href":"https:\/\/api.w.org\/{rel}","templated":true}]}}