{"id":631,"date":"2016-03-22T13:24:25","date_gmt":"2016-03-22T16:24:25","guid":{"rendered":"https:\/\/blogs2.correiobraziliense.com.br\/vicente\/?p=631"},"modified":"2016-03-22T13:24:25","modified_gmt":"2016-03-22T16:24:25","slug":"conflito-nas-ruas","status":"publish","type":"post","link":"https:\/\/blogs2.correiobraziliense.com.br\/vicente\/conflito-nas-ruas\/","title":{"rendered":"CONFLITO NAS RUAS"},"content":{"rendered":"<p>\u00bb Assessores do Pal\u00e1cio do Planalto alertam que os conflitos nas ruas podem ganhar contornos preocupantes \u00e0 medida que ficar clara a derrota de Dilma na comiss\u00e3o de impeachment.<\/p>\n","protected":false},"excerpt":{"rendered":"<p>\u00bb Assessores do Pal\u00e1cio do Planalto alertam que os conflitos nas ruas podem ganhar contornos preocupantes \u00e0 medida que ficar clara a derrota de Dilma na comiss\u00e3o de impeachment.<\/p>\n","protected":false},"author":22,"featured_media":0,"comment_status":"open","ping_status":"closed","sticky":false,"template":"","format":"standard","meta":{"wpb_read_more":[],"footnotes":""},"categories":[1],"tags":[],"class_list":["post-631","post","type-post","status-publish","format-standard","hentry","category-sem-categoria"],"_links":{"self":[{"href":"https:\/\/blogs2.correiobraziliense.com.br\/vicente\/wp-json\/wp\/v2\/posts\/631","targetHints":{"allow":["GET"]}}],"collection":[{"href":"https:\/\/blogs2.correiobraziliense.com.br\/vicente\/wp-json\/wp\/v2\/posts"}],"about":[{"href":"https:\/\/blogs2.correiobraziliense.com.br\/vicente\/wp-json\/wp\/v2\/types\/post"}],"author":[{"embeddable":true,"href":"https:\/\/blogs2.correiobraziliense.com.br\/vicente\/wp-json\/wp\/v2\/users\/22"}],"replies":[{"embeddable":true,"href":"https:\/\/blogs2.correiobraziliense.com.br\/vicente\/wp-json\/wp\/v2\/comments?post=631"}],"version-history":[{"count":1,"href":"https:\/\/blogs2.correiobraziliense.com.br\/vicente\/wp-json\/wp\/v2\/posts\/631\/revisions"}],"predecessor-version":[{"id":632,"href":"https:\/\/blogs2.correiobraziliense.com.br\/vicente\/wp-json\/wp\/v2\/posts\/631\/revisions\/632"}],"wp:attachment":[{"href":"https:\/\/blogs2.correiobraziliense.com.br\/vicente\/wp-json\/wp\/v2\/media?parent=631"}],"wp:term":[{"taxonomy":"category","embeddable":true,"href":"https:\/\/blogs2.correiobraziliense.com.br\/vicente\/wp-json\/wp\/v2\/categories?post=631"},{"taxonomy":"post_tag","embeddable":true,"href":"https:\/\/blogs2.correiobraziliense.com.br\/vicente\/wp-json\/wp\/v2\/tags?post=631"}],"curies":[{"name":"wp","href":"https:\/\/api.w.org\/{rel}","templated":true}]}}