{"id":633,"date":"2016-03-22T06:25:12","date_gmt":"2016-03-22T09:25:12","guid":{"rendered":"https:\/\/blogs2.correiobraziliense.com.br\/vicente\/?p=633"},"modified":"2016-03-22T13:26:13","modified_gmt":"2016-03-22T16:26:13","slug":"torcida-no-bc","status":"publish","type":"post","link":"https:\/\/blogs2.correiobraziliense.com.br\/vicente\/torcida-no-bc\/","title":{"rendered":"TORCIDA NO BC"},"content":{"rendered":"<p>\u00bb O Banco Central mant\u00e9m firme a proje\u00e7\u00e3o de que a infla\u00e7\u00e3o cair\u00e1 pelo menos dois pontos percentuais at\u00e9 junho, para algo mais pr\u00f3ximo de 8% no acumulado de 12 meses.<\/p>\n","protected":false},"excerpt":{"rendered":"<p>\u00bb O Banco Central mant\u00e9m firme a proje\u00e7\u00e3o de que a infla\u00e7\u00e3o cair\u00e1 pelo menos dois pontos percentuais at\u00e9 junho, para algo mais pr\u00f3ximo de 8% no acumulado de 12 meses.<\/p>\n","protected":false},"author":22,"featured_media":0,"comment_status":"open","ping_status":"closed","sticky":false,"template":"","format":"standard","meta":{"wpb_read_more":[],"footnotes":""},"categories":[1],"tags":[],"class_list":["post-633","post","type-post","status-publish","format-standard","hentry","category-sem-categoria"],"_links":{"self":[{"href":"https:\/\/blogs2.correiobraziliense.com.br\/vicente\/wp-json\/wp\/v2\/posts\/633","targetHints":{"allow":["GET"]}}],"collection":[{"href":"https:\/\/blogs2.correiobraziliense.com.br\/vicente\/wp-json\/wp\/v2\/posts"}],"about":[{"href":"https:\/\/blogs2.correiobraziliense.com.br\/vicente\/wp-json\/wp\/v2\/types\/post"}],"author":[{"embeddable":true,"href":"https:\/\/blogs2.correiobraziliense.com.br\/vicente\/wp-json\/wp\/v2\/users\/22"}],"replies":[{"embeddable":true,"href":"https:\/\/blogs2.correiobraziliense.com.br\/vicente\/wp-json\/wp\/v2\/comments?post=633"}],"version-history":[{"count":1,"href":"https:\/\/blogs2.correiobraziliense.com.br\/vicente\/wp-json\/wp\/v2\/posts\/633\/revisions"}],"predecessor-version":[{"id":634,"href":"https:\/\/blogs2.correiobraziliense.com.br\/vicente\/wp-json\/wp\/v2\/posts\/633\/revisions\/634"}],"wp:attachment":[{"href":"https:\/\/blogs2.correiobraziliense.com.br\/vicente\/wp-json\/wp\/v2\/media?parent=633"}],"wp:term":[{"taxonomy":"category","embeddable":true,"href":"https:\/\/blogs2.correiobraziliense.com.br\/vicente\/wp-json\/wp\/v2\/categories?post=633"},{"taxonomy":"post_tag","embeddable":true,"href":"https:\/\/blogs2.correiobraziliense.com.br\/vicente\/wp-json\/wp\/v2\/tags?post=633"}],"curies":[{"name":"wp","href":"https:\/\/api.w.org\/{rel}","templated":true}]}}