{"id":641,"date":"2016-03-23T00:09:30","date_gmt":"2016-03-23T03:09:30","guid":{"rendered":"https:\/\/blogs2.correiobraziliense.com.br\/vicente\/?p=641"},"modified":"2016-03-23T00:09:30","modified_gmt":"2016-03-23T03:09:30","slug":"o-que-quer-renan","status":"publish","type":"post","link":"https:\/\/blogs2.correiobraziliense.com.br\/vicente\/o-que-quer-renan\/","title":{"rendered":"O QUE QUER RENAN?"},"content":{"rendered":"<p>\u00bb Os investidores foram dormir ouri\u00e7ados com a surpreendente declara\u00e7\u00e3o do presidente do Senado, Renan Calheiros, depois de um encontro com os ex-presidentes Lula e Jos\u00e9 Sarney. Disse Renan: \u201cQuando n\u00e3o h\u00e1 a caracteriza\u00e7\u00e3o do crime de responsabilidade n\u00e3o \u00e9 impeachment, o nome deve ser outro. \u00c9 por isso que precisamos ter responsabilidade com o Brasil e com a democracia\u201d.<\/p>\n<p>&nbsp;<\/p>\n<p>Homem de peso<\/p>\n<p>&nbsp;<\/p>\n<p>\u00bb As palavras de Renan foram interpretadas como um sinal de apoio \u00e0 presidente Dilma e visto como uma barreira para o andamento do impeachment no Senado. O que os investidores se perguntam \u00e9 o que o parlamentar est\u00e1 barganhando com o governo em troca de apoio. Ele ter\u00e1 for\u00e7a para peitar o PMDB e garantir o mandato da petista? Renan, como se sabe, n\u00e3o \u00e9 homem de pedir pouco.<\/p>\n","protected":false},"excerpt":{"rendered":"<p>\u00bb Os investidores foram dormir ouri\u00e7ados com a surpreendente declara\u00e7\u00e3o do presidente do Senado, Renan Calheiros, depois de um encontro com os ex-presidentes Lula e Jos\u00e9 Sarney. Disse Renan: \u201cQuando n\u00e3o h\u00e1 a caracteriza\u00e7\u00e3o do crime de responsabilidade n\u00e3o \u00e9 impeachment, o nome deve ser outro. \u00c9 por isso que precisamos ter responsabilidade com o [&hellip;]<\/p>\n","protected":false},"author":22,"featured_media":0,"comment_status":"open","ping_status":"closed","sticky":false,"template":"","format":"standard","meta":{"wpb_read_more":[],"footnotes":""},"categories":[1],"tags":[],"class_list":["post-641","post","type-post","status-publish","format-standard","hentry","category-sem-categoria"],"_links":{"self":[{"href":"https:\/\/blogs2.correiobraziliense.com.br\/vicente\/wp-json\/wp\/v2\/posts\/641","targetHints":{"allow":["GET"]}}],"collection":[{"href":"https:\/\/blogs2.correiobraziliense.com.br\/vicente\/wp-json\/wp\/v2\/posts"}],"about":[{"href":"https:\/\/blogs2.correiobraziliense.com.br\/vicente\/wp-json\/wp\/v2\/types\/post"}],"author":[{"embeddable":true,"href":"https:\/\/blogs2.correiobraziliense.com.br\/vicente\/wp-json\/wp\/v2\/users\/22"}],"replies":[{"embeddable":true,"href":"https:\/\/blogs2.correiobraziliense.com.br\/vicente\/wp-json\/wp\/v2\/comments?post=641"}],"version-history":[{"count":1,"href":"https:\/\/blogs2.correiobraziliense.com.br\/vicente\/wp-json\/wp\/v2\/posts\/641\/revisions"}],"predecessor-version":[{"id":642,"href":"https:\/\/blogs2.correiobraziliense.com.br\/vicente\/wp-json\/wp\/v2\/posts\/641\/revisions\/642"}],"wp:attachment":[{"href":"https:\/\/blogs2.correiobraziliense.com.br\/vicente\/wp-json\/wp\/v2\/media?parent=641"}],"wp:term":[{"taxonomy":"category","embeddable":true,"href":"https:\/\/blogs2.correiobraziliense.com.br\/vicente\/wp-json\/wp\/v2\/categories?post=641"},{"taxonomy":"post_tag","embeddable":true,"href":"https:\/\/blogs2.correiobraziliense.com.br\/vicente\/wp-json\/wp\/v2\/tags?post=641"}],"curies":[{"name":"wp","href":"https:\/\/api.w.org\/{rel}","templated":true}]}}