{"id":643,"date":"2016-03-23T06:09:50","date_gmt":"2016-03-23T09:09:50","guid":{"rendered":"https:\/\/blogs2.correiobraziliense.com.br\/vicente\/?p=643"},"modified":"2016-03-23T00:18:52","modified_gmt":"2016-03-23T03:18:52","slug":"643-2","status":"publish","type":"post","link":"https:\/\/blogs2.correiobraziliense.com.br\/vicente\/643-2\/","title":{"rendered":"DESCASO E CINISMO"},"content":{"rendered":"<p>Nada \u00e9 mais emblem\u00e1tico para definir o desastre do governo Dilma Rousseff na economia do que o desemprego. Apenas nos dois primeiros meses deste ano, 204 mil vagas com carteira assinada foram destru\u00eddas. \u00c9 um contrassenso para uma administra\u00e7\u00e3o que colocou o emprego como prioridade e inaceit\u00e1vel para um partido, o PT, da presidente da Rep\u00fablica, que sempre se disse defensor dos trabalhadores. N\u00e3o h\u00e1 hist\u00f3rico nos cadastros do Minist\u00e9rio do Trabalho e da Previd\u00eancia Social de fechamento de tantos postos formais em t\u00e3o curto espa\u00e7o de tempo.<\/p>\n<p>&nbsp;<\/p>\n<p>H\u00e1, dentro do governo, quem diga \u2014 e, pior, acredita \u2014 que as demiss\u00f5es em massa s\u00e3o culpa dos golpistas que defendem o impeachment de Dilma. No entender desses, ao tramarem para surrupiar o mandato da presidente, seus advers\u00e1rios levaram o Brasil \u00e0 paralisia. Prefiro considerar esse tipo de declara\u00e7\u00e3o como pura ignor\u00e2ncia do que classific\u00e1-la de m\u00e1-f\u00e9. N\u00e3o \u00e9 preciso ser nenhum entendido em economia para ver o quanto a petista fez para levar o pa\u00eds \u00e0 beira do abismo. Ela destruiu todos os pilares da estabilidade, estra\u00e7alhou as contas p\u00fablicas, trouxe de volta a infla\u00e7\u00e3o, acabou com a confian\u00e7a das empresas e minou o poder de compra das fam\u00edlias.<\/p>\n<p>&nbsp;<\/p>\n<p>S\u00f3 a disparada do aumento do desemprego, que est\u00e1 longe de atingir seu \u00e1pice, j\u00e1 seria motivo de sobra para justificar tanta insatisfa\u00e7\u00e3o em rela\u00e7\u00e3o ao governo. Mas, em meio aos equ\u00edvocos econ\u00f4micos, que resultaram na maior recess\u00e3o em quase um s\u00e9culo, o pa\u00eds foi apresentado \u00e0 fatura da corrup\u00e7\u00e3o na Petrobras. Em apenas dois anos, a estatal foi obrigada a dar baixas cont\u00e1beis de quase R$ 100 bilh\u00f5es oriundos de desvios e superfaturamento de contratos, dinheiro que poderia estar contribuindo para o avan\u00e7o dos neg\u00f3cios da empresa e o crescimento do pa\u00eds.<\/p>\n<p>&nbsp;<\/p>\n<p>Boa parte dessa roubalheira teve a construtora Odebrecht como l\u00edder. Descobriu-se, por meio da Opera\u00e7\u00e3o Lava-Jato, que a empreiteira tinha um \u201cdepartamento para propina\u201d. Funcion\u00e1rios da empresa, com sal\u00e1rios elevad\u00edssimos, s\u00f3 cuidavam de planilhas para distribuir recursos e corromper, e, assim, garantir contratos com a petroleira e fatias importantes em obras governamentais, inclusive de estados. A percep\u00e7\u00e3o da Pol\u00edcia Federal \u00e9 a de que a Odebrecht funciona como uma organiza\u00e7\u00e3o criminosa, disposta a sugar o que puder dos cofres p\u00fablicos.<\/p>\n<p>&nbsp;<\/p>\n<p>Capitalismo de quadrilhas<\/p>\n<p>&nbsp;<\/p>\n<p>\u00c9 dif\u00edcil se deparar com tantos disparates e n\u00e3o apontar o dedo para o governo. O pa\u00eds est\u00e1 numa situa\u00e7\u00e3o dific\u00edlima e nada de concreto \u00e9 feito para reverter esse quadro. A presidente est\u00e1 sitiada, dedica todo o seu tempo para tentar manter o mandato. A equipe econ\u00f4mica, infelizmente, n\u00e3o mostra nenhum compromisso com o equil\u00edbrio fiscal, que, se colocado no radar, ajudaria a desanuviar um pouco o horizonte. Ontem, informou que contingenciar\u00e1 mais R$ 21 bilh\u00f5es do Or\u00e7amento da Uni\u00e3o. Mas s\u00f3 est\u00e1 fazendo isso porque n\u00e3o tem mais de onde tirar receitas.<\/p>\n<p>&nbsp;<\/p>\n<p>Tudo indica que, apesar dessa tesourada paliativa, o buraco nas contas do governo ser\u00e1 espantoso. Na m\u00e9dia, o mercado projeta um buraco aproximado de R$ 80 bilh\u00f5es. \u00c9 um absurdo se considerado que, em 2015, o rombo foi de R$ 111,2 bilh\u00f5es por causa das pedaladas fiscais que podem custar o mandato de Dilma. As manobras fiscais cometidas pela presidente s\u00e3o a base do processo de impeachment que tramita na C\u00e2mara dos Deputados.<\/p>\n<p>&nbsp;<\/p>\n<p>Se n\u00e3o podemos esperar mais nada de sensato deste governo, tamb\u00e9m n\u00e3o vemos nenhum compromisso da oposi\u00e7\u00e3o com um projeto para tirar o pa\u00eds do atoleiro. Como bem ressalta o economista Gustavo Franco, ex-presidente do Banco Central, as medidas necess\u00e1rias para mudar a rota do Brasil n\u00e3o cabem em nenhum partido. S\u00e3o reformas estruturais que mexem com interesses corporativos enraizados. Os pol\u00edticos, independentemente da ideologia ou da colora\u00e7\u00e3o, n\u00e3o querem comprar briga com os eleitores, mesmo sabendo que n\u00e3o h\u00e1 outro caminho a seguir.<\/p>\n<p>&nbsp;<\/p>\n<p>Na avalia\u00e7\u00e3o de Franco, o quadro atual explicita um fracasso econ\u00f4mico e moral de propor\u00e7\u00f5es \u201cb\u00edblicas\u201d, diretamente relacionado ao modelo de governo que classifica como \u201cpetismo desavergonhado\u201d. Para ele, o momento pelo qual passa o pa\u00eds \u00e9 caracter\u00edstico de um conceito filos\u00f3fico importado da R\u00fassia e da China, o \u201ccapitalismo de quadrilhas\u201d, no qual h\u00e1 uma rela\u00e7\u00e3o entre o setor p\u00fablico e o setor privado mediada por um partido pol\u00edtico.<\/p>\n<p>&nbsp;<\/p>\n<p>Enquanto os desmandos se propagam e a economia afunda, a popula\u00e7\u00e3o paga um pre\u00e7o elevado. O desemprego \u00e9 s\u00f3 um deles. Num pa\u00eds em que a \u00e9tica saiu de cena e o cinismo e o descaso comandam o show, a popula\u00e7\u00e3o se sente totalmente desprotegida. N\u00e3o custa lembrar que um \u00f3rg\u00e3o do governo, o Instituto de Pesquisa Econ\u00f4mica Aplicada (Ipea), revelou ontem que o Brasil registrou 59.627 homic\u00eddios em 2014, liderando o ranking mundial. O pa\u00eds j\u00e1 responde por 10% dos assassinatos registrados em todo o planeta. N\u00e3o precisa dizer mais nada.<\/p>\n","protected":false},"excerpt":{"rendered":"<p>Nada \u00e9 mais emblem\u00e1tico para definir o desastre do governo Dilma Rousseff na economia do que o desemprego. Apenas nos dois primeiros meses deste ano, 204 mil vagas com carteira assinada foram destru\u00eddas. \u00c9 um contrassenso para uma administra\u00e7\u00e3o que colocou o emprego como prioridade e inaceit\u00e1vel para um partido, o PT, da presidente da [&hellip;]<\/p>\n","protected":false},"author":22,"featured_media":0,"comment_status":"open","ping_status":"closed","sticky":false,"template":"","format":"standard","meta":{"wpb_read_more":[],"footnotes":""},"categories":[1],"tags":[],"class_list":["post-643","post","type-post","status-publish","format-standard","hentry","category-sem-categoria"],"_links":{"self":[{"href":"https:\/\/blogs2.correiobraziliense.com.br\/vicente\/wp-json\/wp\/v2\/posts\/643","targetHints":{"allow":["GET"]}}],"collection":[{"href":"https:\/\/blogs2.correiobraziliense.com.br\/vicente\/wp-json\/wp\/v2\/posts"}],"about":[{"href":"https:\/\/blogs2.correiobraziliense.com.br\/vicente\/wp-json\/wp\/v2\/types\/post"}],"author":[{"embeddable":true,"href":"https:\/\/blogs2.correiobraziliense.com.br\/vicente\/wp-json\/wp\/v2\/users\/22"}],"replies":[{"embeddable":true,"href":"https:\/\/blogs2.correiobraziliense.com.br\/vicente\/wp-json\/wp\/v2\/comments?post=643"}],"version-history":[{"count":3,"href":"https:\/\/blogs2.correiobraziliense.com.br\/vicente\/wp-json\/wp\/v2\/posts\/643\/revisions"}],"predecessor-version":[{"id":646,"href":"https:\/\/blogs2.correiobraziliense.com.br\/vicente\/wp-json\/wp\/v2\/posts\/643\/revisions\/646"}],"wp:attachment":[{"href":"https:\/\/blogs2.correiobraziliense.com.br\/vicente\/wp-json\/wp\/v2\/media?parent=643"}],"wp:term":[{"taxonomy":"category","embeddable":true,"href":"https:\/\/blogs2.correiobraziliense.com.br\/vicente\/wp-json\/wp\/v2\/categories?post=643"},{"taxonomy":"post_tag","embeddable":true,"href":"https:\/\/blogs2.correiobraziliense.com.br\/vicente\/wp-json\/wp\/v2\/tags?post=643"}],"curies":[{"name":"wp","href":"https:\/\/api.w.org\/{rel}","templated":true}]}}