{"id":666,"date":"2016-03-27T14:10:04","date_gmt":"2016-03-27T17:10:04","guid":{"rendered":"https:\/\/blogs2.correiobraziliense.com.br\/vicente\/?p=666"},"modified":"2016-03-27T14:12:33","modified_gmt":"2016-03-27T17:12:33","slug":"um-pais-em-suspense","status":"publish","type":"post","link":"https:\/\/blogs2.correiobraziliense.com.br\/vicente\/um-pais-em-suspense\/","title":{"rendered":"UM PA\u00cdS EM SUSPENSE"},"content":{"rendered":"<p>\u00bb PAULO SILVA PINTO<\/p>\n<p>&nbsp;<\/p>\n<p>Antes da festa de s\u00e3o-jo\u00e3o, no fim de junho, o Brasil ter\u00e1 um novo governo e melhores chances de se recuperar da mais grave recess\u00e3o em quase um s\u00e9culo. \u00c9 o que acreditam analistas que observam a conjuntura a partir do mercado, de consultoria e da academia. Pelas contas deles, a probabilidade de o vice-presidente da Rep\u00fablica, Michel Temer, assumir o comando do Pal\u00e1cio do Planalto varia de 70% a 85%. A debandada do PMDB da base aliada da presidente Dilma Rousseff, decis\u00e3o que deve ser ratificada na ter\u00e7a-feira, j\u00e1 est\u00e1 considerada nessas proje\u00e7\u00f5es.<\/p>\n<p>&nbsp;<\/p>\n<p>De olho no que est\u00e1 por vir, os especialistas tra\u00e7am cen\u00e1rios sobre um poss\u00edvel governo Temer e o que acontecer\u00e1 se Dilma conseguir derrubar o processo de impeachment que tramita na C\u00e2mara dos Deputados. No caso de continuidade da gest\u00e3o da petista, a perspectiva \u00e9 de aprofundamento da recess\u00e3o. Os mais pessimista falam em contra\u00e7\u00e3o superior a 6% do Produto Interno Bruto (PIB). Nesse ambiente, o desemprego, que est\u00e1 em 9,5%, saltaria para 15%. Com Temer no comando do pa\u00eds, a confian\u00e7a seria retomada e o PIB voltaria ao terreno positivo. A infla\u00e7\u00e3o cairia, assim com os juros.<\/p>\n<p>&nbsp;<\/p>\n<p>\u201cO Brasil est\u00e1 em suspense\u201d, diz a economista-chefe da XP Investimentos, Zeina Latif. Na vis\u00e3o dela, os pr\u00f3ximos dias ser\u00e3o decisivos para se definir em que dire\u00e7\u00e3o o pa\u00eds ir\u00e1. Uma coisa \u00e9 certa: a receita a ser seguida est\u00e1 mais do que clara. Al\u00e9m de um ajuste fiscal consistente, com corte efetivo de gastos, que restabele\u00e7a a credibilidade das contas p\u00fablicas e estanque o avan\u00e7o da d\u00edvida p\u00fablica, o Brasil precisa de reformas estruturais, a come\u00e7ar pela Previd\u00eancia.<\/p>\n<p>&nbsp;<\/p>\n<p>Com Dilma no poder, s\u00e3o m\u00ednimas as chances de isso acontecer, pelo hist\u00f3rico da petista e pela falta de apoio pol\u00edtico. As finan\u00e7as p\u00fablicas registrar\u00e3o, em 2016, o terceiro ano seguido de deficit e as propostas de mudan\u00e7as no sistema previdenci\u00e1rio foram engavetadas porque o governo n\u00e3o quer comprar briga com as centrais sindicais e os movimentos sociais. Na vis\u00e3o dos analistas, como Temer j\u00e1 indicou de far\u00e1 um governo transit\u00f3rio, como ocorreu com Itamar Franco, que sucedeu Fernando Collor de Mello, sem perspectiva de reelei\u00e7\u00e3o em 2018, ele se empenhar\u00e1 para adotar medidas impopulares.<\/p>\n<p>&nbsp;<\/p>\n<p><b>Equipe de peso<\/b><\/p>\n<p>&nbsp;<\/p>\n<p>\u201cA minha percep\u00e7\u00e3o \u00e9 de que Temer ter\u00e1 sentido de urg\u00eancia, pois sabe que n\u00e3o \u00e9 poss\u00edvel demorar muito\u201d, diz Zeina. Para o deputado Danilo Forte (PSB-CE), que foi um dos sub-relatores do Or\u00e7amento da Uni\u00e3o deste ano, \u201ch\u00e1 muito o que cortar\u201d nos gastos p\u00fablicos, mas promover a reforma da Previd\u00eancia \u00e9 algo mais dif\u00edcil, \u201ca n\u00e3o ser que se assuma o compromisso de as medidas entrarem em vigor a mais longo prazo. Pelo programa elaborado pelo PMDB, intitulado \u201cUma ponte para o futuro\u201d e que ser\u00e1 a base de um eventual governo do vice-presidente, a meta \u00e9 instituir idade m\u00ednima para a aposentadoria \u2014 65 anos para os homens e 60 para as mulheres \u2014 e desvincular o reajuste dos benef\u00edcios do sal\u00e1rio m\u00ednimo.<\/p>\n<p>&nbsp;<\/p>\n<p>Na vis\u00e3o de Andr\u00e9 Perfeito, economista-chefe da Gradual Investimentos, h\u00e1 um certo consenso de que a idade de aposentadoria no Brasil \u00e9 baixa, o que favorece uma reforma. A for\u00e7a de Temer para levar adiante propostas como essa viria da composi\u00e7\u00e3o do governo. Um dos principais cotados para o Minist\u00e9rio da Fazenda \u00e9 Arminio Fraga, que foi presidente do Banco Central na gest\u00e3o de Fernando Henrique Cardoso. O economista \u00e9 defensor da unifica\u00e7\u00e3o do Imposto sobre Circula\u00e7\u00e3o de Mercadorias e Servi\u00e7os (ICMS), da libera\u00e7\u00e3o da obrigatoriedade da Petrobras de participar de todo os leil\u00f5es do pr\u00e9-sal, da privatiza\u00e7\u00e3o da infraestrutura e da mudan\u00e7a da regra de reajuste do m\u00ednimo, medidas que constam no programa do PMDB.<\/p>\n<p>&nbsp;<\/p>\n<p>O cientista pol\u00edtico David Fleischer, professor da Universidade de Bras\u00edlia (UnB), v\u00ea como promissor o fato de Temer j\u00e1 estar conversando com l\u00edderes partid\u00e1rios, o que indica que n\u00e3o ter\u00e1 de iniciar o governo do zero. \u201cEle est\u00e1 dizendo a todos que quem integrar a base de apoio do governo poder\u00e1 colaborar na elabora\u00e7\u00e3o das pol\u00edticas p\u00fablicas. \u00c9 tudo o que Dilma n\u00e3o fez, o que contribuiu para que ela perdesse apoio\u201d, diz. Para Fleischer, o eventual compromisso do vice de que n\u00e3o ir\u00e1 \u00e0s urnas em 2018 pode ajudar a governabilidade.<\/p>\n<p>&nbsp;<\/p>\n<p>Na opini\u00e3o do economista-chefe da Itaim Asset, Ivo Chermont, a equipe de Temer ser\u00e1 vital para restabelecer a credibilidade do governo. Fala-se em Eliseu Padilha para a Casa Civil e em Nelson Jobim para o Minist\u00e9rio da Justi\u00e7a. Mas \u00e9 preciso mais nomes de peso, comprometidos com a melhora do ambiente de neg\u00f3cios. S\u00f3 assim ser\u00e1 poss\u00edvel acabar com a onda de desconfian\u00e7a dos agentes econ\u00f4micos, restabelecendo os investimentos produtivos e o consumo. \u201cMuitos investidores est\u00e3o \u00e1vidos para ampliar seus neg\u00f3cios ou entrar no pa\u00eds, mas est\u00e3o assustados\u201d, acrescenta Zeina Latif.<\/p>\n<p>&nbsp;<\/p>\n<p><b>Reca\u00edda populista<\/b><\/p>\n<p>&nbsp;<\/p>\n<p>Com a continuidade de Dilma no poder, os agentes econ\u00f4micos temem uma reca\u00edda populista. A desastrada nomea\u00e7\u00e3o do ex-presidente Lula para a Casa Civil \u2014 ainda suspensa pelo Supremo Tribunal Federal (STF) \u2014 amplia as incertezas, sobretudo se, por quest\u00e3o de sobreviv\u00eancia, houver a decis\u00e3o de se adotar medidas defendidas pelo PT, como o uso de reservas internacionais para bancar obras de infraestrutura. Dilma j\u00e1 descartou isso, mas deixou a porta aberta para que o seguro anticrise seja utilizado para o abatimento de parte da d\u00edvida p\u00fablica. A perspectiva de uma eventual mexida nas reservas provocou rebeli\u00e3o no BC. O presidente da institui\u00e7\u00e3o indicou que se demitiria.<\/p>\n<p>&nbsp;<\/p>\n<p>No entender dos agentes econ\u00f4micos, \u00e9 dif\u00edcil acreditar nas promessas de Dilma, pois, ao mesmo tempo que a presidente prega o equil\u00edbrio fiscal, o ministro da Fazenda, Nelson Barbosa, envia ao Congresso um projeto que autoriza o Executivo a ter deficits constantes em suas contas. N\u00e3o \u00e9 s\u00f3. A petista continua defendendo medidas que levaram o pa\u00eds para o buraco. Segundo a economista-chefe da Rosenberg Associados, Thais Marzola, Lula, mesmo enfraquecido pelas den\u00fancias da Lava-Jato, tem condi\u00e7\u00f5es de barrar loucuras na \u00e1rea econ\u00f4mica.<\/p>\n<p>&nbsp;<\/p>\n<p>\u201cO perfil do ex-presidente na \u00e1rea econ\u00f4mica n\u00e3o \u00e9 de radicalizar. Ele age no discurso e promove algumas medidas sem grande impacto fiscal para agradar \u00e0 esquerda. Ao mesmo tempo emplaca os queridinhos do mercado em postos-chave\u201d, diz. Seja como for, com Dilma ou Temer, o Brasil n\u00e3o pode mais esperar por uma virada. Os \u00faltimos anos de equ\u00edvocos j\u00e1 deixaram uma fatura pesada demais.<\/p>\n<p>&nbsp;<\/p>\n<p>Bras\u00edlia, 14h10min<\/p>\n","protected":false},"excerpt":{"rendered":"<p>\u00bb PAULO SILVA PINTO &nbsp; Antes da festa de s\u00e3o-jo\u00e3o, no fim de junho, o Brasil ter\u00e1 um novo governo e melhores chances de se recuperar da mais grave recess\u00e3o em quase um s\u00e9culo. \u00c9 o que acreditam analistas que observam a conjuntura a partir do mercado, de consultoria e da academia. Pelas contas deles, [&hellip;]<\/p>\n","protected":false},"author":22,"featured_media":0,"comment_status":"open","ping_status":"closed","sticky":false,"template":"","format":"standard","meta":{"wpb_read_more":[],"footnotes":""},"categories":[1],"tags":[],"class_list":["post-666","post","type-post","status-publish","format-standard","hentry","category-sem-categoria"],"_links":{"self":[{"href":"https:\/\/blogs2.correiobraziliense.com.br\/vicente\/wp-json\/wp\/v2\/posts\/666","targetHints":{"allow":["GET"]}}],"collection":[{"href":"https:\/\/blogs2.correiobraziliense.com.br\/vicente\/wp-json\/wp\/v2\/posts"}],"about":[{"href":"https:\/\/blogs2.correiobraziliense.com.br\/vicente\/wp-json\/wp\/v2\/types\/post"}],"author":[{"embeddable":true,"href":"https:\/\/blogs2.correiobraziliense.com.br\/vicente\/wp-json\/wp\/v2\/users\/22"}],"replies":[{"embeddable":true,"href":"https:\/\/blogs2.correiobraziliense.com.br\/vicente\/wp-json\/wp\/v2\/comments?post=666"}],"version-history":[{"count":4,"href":"https:\/\/blogs2.correiobraziliense.com.br\/vicente\/wp-json\/wp\/v2\/posts\/666\/revisions"}],"predecessor-version":[{"id":670,"href":"https:\/\/blogs2.correiobraziliense.com.br\/vicente\/wp-json\/wp\/v2\/posts\/666\/revisions\/670"}],"wp:attachment":[{"href":"https:\/\/blogs2.correiobraziliense.com.br\/vicente\/wp-json\/wp\/v2\/media?parent=666"}],"wp:term":[{"taxonomy":"category","embeddable":true,"href":"https:\/\/blogs2.correiobraziliense.com.br\/vicente\/wp-json\/wp\/v2\/categories?post=666"},{"taxonomy":"post_tag","embeddable":true,"href":"https:\/\/blogs2.correiobraziliense.com.br\/vicente\/wp-json\/wp\/v2\/tags?post=666"}],"curies":[{"name":"wp","href":"https:\/\/api.w.org\/{rel}","templated":true}]}}