{"id":67,"date":"2015-03-19T00:01:00","date_gmt":"2015-03-19T03:01:00","guid":{"rendered":"https:\/\/blogs2.correiobraziliense.com.br\/vicente\/fim_do_aperto\/"},"modified":"2015-03-19T00:01:00","modified_gmt":"2015-03-19T03:01:00","slug":"fim_do_aperto","status":"publish","type":"post","link":"https:\/\/blogs2.correiobraziliense.com.br\/vicente\/fim_do_aperto\/","title":{"rendered":"FIM DO APERTO"},"content":{"rendered":"\n<p>O governo est\u00e1 convencido de que o Banco Central vai mesmo encerrar o processo de alta da taxa b\u00e1sica de juros (Selic) em abril pr\u00f3ximo, com mais uma eleva\u00e7\u00e3o de 0,25 ponto percentual, para 13% ano. Ao se aterem ao discurso de ontem do presidente da institui\u00e7\u00e3o, Alexandre Tombini, t\u00e9cnicos do Minist\u00e9rio da Fazenda e do pr\u00f3prio BC constataram que a autoridade monet\u00e1ria demonstra estar convencida de que o aperto iniciado em 2013 ser\u00e1 suficiente para levar \u00e0 infla\u00e7\u00e3o ao centro da meta, de 4,5%, at\u00e9 o fim de 2016. <\/p>\n<p>A vis\u00e3o \u00e9 de que, mesmo usando cinco vezes o termo \u201cvigilante\u201d para definir o tamanho da preocupa\u00e7\u00e3o do Comit\u00ea de Pol\u00edtica Monet\u00e1ria (Copom) com o custo de vida, Tombini destacou que as medidas tomadas pelo governo, como o ajuste fiscal e o tarifa\u00e7o, corrigir\u00e3o as distor\u00e7\u00f5es dos pre\u00e7os no curto prazo e amplificar\u00e3o os efeitos do choque de juros j\u00e1 imposto \u00e0 economia \u2014 alta acumulada de 5,5 pontos. Para os t\u00e9cnicos, a n\u00e3o ser que o d\u00f3lar d\u00ea nova arrancada, o que poucos acreditam, o BC dar\u00e1 por encerrada a sua miss\u00e3o. Apenas esperar\u00e1 pelos resultados para confirmar que, desta vez, n\u00e3o errou. <\/p>\n<p>Para o governo, mais do que a infla\u00e7\u00e3o, que deve fechar o ano entre 8% e 8,5%, ser\u00e1 o n\u00edvel de atividade que surpreender\u00e1, negativamente, os agentes econ\u00f4micos. A tend\u00eancia \u00e9 de que os n\u00fameros a serem divulgados at\u00e9 a pr\u00f3xima reuni\u00e3o do Copom, no fim do m\u00eas que vem, sinalizem queda superior a 1% do Produto Interno Bruto (PIB). Essa retra\u00e7\u00e3o ser\u00e1 vital para conter a carestia, pois limitar\u00e1 o repasse da valoriza\u00e7\u00e3o do d\u00f3lar para os pre\u00e7os. O BC ter\u00e1 ainda a seu favor o corte aproximado de R$ 60 bilh\u00f5es no Or\u00e7amento da Uni\u00e3o, a ser anunciado em breve pelo ministro da Fazenda, Joaquim Levy. <\/p>\n<p>Na avalia\u00e7\u00e3o do economista-chefe da Itaim Asset, Ivo Chermont, o presidente do BC usou termos bem mais suaves para discorrer sobre o atual quadro inflacion\u00e1rio do que o diretor de Pol\u00edtica Econ\u00f4mica, Luiz Awazu Pereira. Na Turquia, antes da \u00faltima reuni\u00e3o do Copom, ele havia afirmado que a autoridade monet\u00e1ria estava \u201cespecialmente vigilante\u201d, refor\u00e7ando que a autoridade monet\u00e1ria manteria a alta da Selic em 0,50 ponto e que n\u00e3o permitiria o descontrole da infla\u00e7\u00e3o. <\/p>\n<p>Chermont listou os pontos ressaltados por Tombini para justificar que n\u00e3o h\u00e1 mais por que o BC pesar a m\u00e3o sobre a Selic: o alinhamento das pol\u00edticas macroecon\u00f4micas (fiscal e monet\u00e1ria); a menor press\u00e3o dos pre\u00e7os administrados ao longo do ano, uma vez que os reajustes mais pesados da energia e dos combust\u00edveis se concentra\u00e7\u00e3o no primeiro trimestre de 2015; a retra\u00e7\u00e3o do mercado de trabalho \u2014 apenas nos dois primeiros meses do ano foram fechados 84 mil empregos formais \u2014; o aumento de juros j\u00e1 realizado; e a menor transmiss\u00e3o da eleva\u00e7\u00e3o do d\u00f3lar para a economia. <\/p>\n<p>&nbsp;\u201c\u00c9 verdade que ainda faltam 40 dias para o pr\u00f3ximo encontro do Copom. Mas, com a moeda norte-americana se acomodando entre R$ 3,20 e R$ 3,25 e o n\u00edvel de atividade desacelerando muito rapidamente, mais uma alta de 0,25 ponto e o fim do ciclo de ajuste nos juros passaram a ser o quadro mais prov\u00e1vel neste momento\u201d, assinala Chermont. \u201cUma eleva\u00e7\u00e3o de 0,50 ponto na Selic, s\u00f3 na pior das hip\u00f3teses\u201d, emenda. <\/p>\n<p><b>Governo muito ruim<\/b> <\/p>\n<p>\u00bb A pesquisa do Datafolha mostrando a presidente Dilma Rousseff com apenas 13% de aprova\u00e7\u00e3o \u2014 o n\u00edvel mais baixo desde Collor de Mello, em setembro de 1992, \u00e0s v\u00e9speras do impeachment \u2014 \u00e9 o retrato mais fiel do quanto o governo \u00e9 ruim e do quanto errou nos \u00faltimos quatro anos. A petista acreditou que conseguiria manter apoio popular mesmo com a infla\u00e7\u00e3o em disparada e o tarifa\u00e7o que tanto ela negou durante a campanha eleitoral. Enganou-se por completo. <\/p>\n<p><b>Chega de mentiras<\/b> <\/p>\n<p>\u00bb Ao demonstrarem grande descontentamento com o governo, 62% dos brasileiros refor\u00e7am que j\u00e1 n\u00e3o aceitam medidas requentadas ou campanhas de marketing para manter apoio a Dilma. Todos, mesmo aqueles que votaram pela reelei\u00e7\u00e3o da presidente, ficaram escaldados com a quantidade de mentiras que engoliram durante a \u00faltima disputa pelo Pal\u00e1cio do Planalto. <\/p>\n<p><b>Ainda vai piorar<\/b> <\/p>\n<p>\u00bb Na opini\u00e3o de especialistas, Dilma deve se preparar para ver sua popularidade despencar mais, pois o aumento do desemprego s\u00f3 est\u00e1 come\u00e7ando. Para 63% dos eleitores da petista, o medo de perder o trabalho aumentou. Boa parte dos que responderam \u00e0 pesquisa est\u00e1 endividada. A combina\u00e7\u00e3o da perda do emprego com contas a pagar inflar\u00e1 os movimentos de rua que gritam \u201cFora Dilma\u201d, \u201cFora PT\u201d. <\/p>\n<p><b>Vingan\u00e7a de Dilma<\/b> <\/p>\n<p>\u00bb Nos bastidores, Dilma certamente apoiou o discurso de Cid Gomes, agora ex-ministro da Educa\u00e7\u00e3o, de acusar 300, 400 deputados de achacadores. Apoiou, sobretudo, o ataque direto do ex-auxiliar ao presidente da C\u00e2mara, Eduardo Cunha. Mas teve de se render \u00e0 realidade: entregou a cabe\u00e7a de Cid para n\u00e3o perder a dela. A debandada do PMDB da base aliada seria o fim antecipado da era petista. O processo de impeachment come\u00e7aria em quest\u00e3o de dias. Mas que Dilma lavou a alma, lavou.<i> <\/p>\n<p><\/i><i>Bras\u00edlia, 00h01min<\/i>   <\/p>\n","protected":false},"excerpt":{"rendered":"<p>O governo est\u00e1 convencido de que o Banco Central vai mesmo encerrar o processo de alta da taxa b\u00e1sica de juros (Selic) em abril pr\u00f3ximo, com mais uma eleva\u00e7\u00e3o de 0,25 ponto percentual, para 13% ano. Ao se aterem ao discurso de ontem do presidente da institui\u00e7\u00e3o, Alexandre Tombini, t\u00e9cnicos do Minist\u00e9rio da Fazenda e [&hellip;]<\/p>\n","protected":false},"author":22,"featured_media":0,"comment_status":"open","ping_status":"open","sticky":false,"template":"","format":"standard","meta":{"wpb_read_more":[],"footnotes":""},"categories":[1],"tags":[],"class_list":["post-67","post","type-post","status-publish","format-standard","hentry","category-sem-categoria"],"_links":{"self":[{"href":"https:\/\/blogs2.correiobraziliense.com.br\/vicente\/wp-json\/wp\/v2\/posts\/67","targetHints":{"allow":["GET"]}}],"collection":[{"href":"https:\/\/blogs2.correiobraziliense.com.br\/vicente\/wp-json\/wp\/v2\/posts"}],"about":[{"href":"https:\/\/blogs2.correiobraziliense.com.br\/vicente\/wp-json\/wp\/v2\/types\/post"}],"author":[{"embeddable":true,"href":"https:\/\/blogs2.correiobraziliense.com.br\/vicente\/wp-json\/wp\/v2\/users\/22"}],"replies":[{"embeddable":true,"href":"https:\/\/blogs2.correiobraziliense.com.br\/vicente\/wp-json\/wp\/v2\/comments?post=67"}],"version-history":[{"count":0,"href":"https:\/\/blogs2.correiobraziliense.com.br\/vicente\/wp-json\/wp\/v2\/posts\/67\/revisions"}],"wp:attachment":[{"href":"https:\/\/blogs2.correiobraziliense.com.br\/vicente\/wp-json\/wp\/v2\/media?parent=67"}],"wp:term":[{"taxonomy":"category","embeddable":true,"href":"https:\/\/blogs2.correiobraziliense.com.br\/vicente\/wp-json\/wp\/v2\/categories?post=67"},{"taxonomy":"post_tag","embeddable":true,"href":"https:\/\/blogs2.correiobraziliense.com.br\/vicente\/wp-json\/wp\/v2\/tags?post=67"}],"curies":[{"name":"wp","href":"https:\/\/api.w.org\/{rel}","templated":true}]}}