{"id":676,"date":"2016-03-29T09:41:00","date_gmt":"2016-03-29T12:41:00","guid":{"rendered":"https:\/\/blogs2.correiobraziliense.com.br\/vicente\/?p=676"},"modified":"2016-03-29T09:41:00","modified_gmt":"2016-03-29T12:41:00","slug":"perto-do-adeus","status":"publish","type":"post","link":"https:\/\/blogs2.correiobraziliense.com.br\/vicente\/perto-do-adeus\/","title":{"rendered":"PERTO DO ADEUS"},"content":{"rendered":"<p>Ao que tudo indica, confirmada a debandada de hoje do PMDB, o governo de Dilma Rousseff dar\u00e1 seus derradeiros passos. Mesmo entre os mais fi\u00e9is aliados da presidente da Rep\u00fablica, a certeza \u00e9 de que n\u00e3o h\u00e1 mais como a petista reverter a aprova\u00e7\u00e3o do impeachment. Dilma cair\u00e1 menos por seus erros \u2014 que foram muitos, sobretudo na economia \u2014 e mais pela onda anti-PT que inundou o pa\u00eds. N\u00e3o h\u00e1 barganha por parte do Pal\u00e1cio do Planalto e ofertas feitas pelo ex-presidente Lula que consigam se sobrep\u00f4r ao que dizem as ruas. O veredito est\u00e1 praticamente dado.<\/p>\n<p>&nbsp;<\/p>\n<p>Mas que o vice-presidente, Michel Temer, n\u00e3o acredite que, ao subir a rampa do Planalto para se sentar na cadeira mais importante do Brasil, estar\u00e1 se eximindo de todos os pecados que cometeu \u2014 v\u00e1rios deles investigados pela Opera\u00e7\u00e3o Lava-Jato. A maioria da popula\u00e7\u00e3o que exige o fim do mandato de Dilma, por causa da corrup\u00e7\u00e3o avassaladora que se instalou no governo, n\u00e3o dar\u00e1 tr\u00e9gua. O vice estar\u00e1 amea\u00e7ado a todo momento, inclusive de ser um mero presidente-tamp\u00e3o, cassado poucos meses depois de tomar posse pelo Superior Tribunal Eleitoral (TSE) por irregularidades na chapa que o elegeu.<\/p>\n<p>&nbsp;<\/p>\n<p>Temer \u00e9 visto hoje pelos agentes econ\u00f4micos como o menos pior neste momento para conduzir o Brasil na travessia at\u00e9 2018. N\u00e3o h\u00e1 nenhuma garantia de que conseguir\u00e1 tirar o pa\u00eds do atoleiro. Muito do apoio que est\u00e1 colhendo agora tem mais a ver com a avers\u00e3o em rela\u00e7\u00e3o a Dilma e ao PT do que por m\u00e9ritos pr\u00f3prios. N\u00e3o haver\u00e1 condescend\u00eancia com ele, ainda que, de in\u00edcio, viva uma lua de mel com o mercado financeiro. O estrago na economia \u00e9 t\u00e3o profundo que reconstruir suas bases demandar\u00e1 muito mais que promessas de um salvador da p\u00e1tria.<\/p>\n<p>&nbsp;<\/p>\n<p>Propaganda enganosa<\/p>\n<p>&nbsp;<\/p>\n<p>Muitas das for\u00e7as que est\u00e3o sustentando Temer s\u00e3o t\u00e3o corruptas quanto o PT de Dilma. \u00c9 importante deixar isso bem claro. O vice n\u00e3o poder\u00e1 se render ao fisiologismo, acobertando crimes para alcan\u00e7ar o que tanto almeja. O PMDB \u00e9 um saco de gatos, est\u00e1 envolvido em todo tipo de falcatrua. Portanto, est\u00e1 longe de ser o que o Brasil precisa para dar um basta em tantos desmandos. O melhor seria que, com Dilma fora do poder, o pa\u00eds pudesse fazer uma nova elei\u00e7\u00e3o. A popula\u00e7\u00e3o teria uma oportunidade de explicitar que j\u00e1 n\u00e3o se deixa levar mais por propaganda enganosa.<\/p>\n<p>&nbsp;<\/p>\n<p>Talvez houvesse tempo de fazer uma limpeza completa se o veredicto da Justi\u00e7a fosse mais c\u00e9lere. As aterradoras revela\u00e7\u00f5es da Lava-Jato indicam que as campanhas de 2010 e de 2014 de Dilma-Temer receberam, ilegalmente, dinheiro desviado da Petrobras. Esperar at\u00e9 2017 para se ter uma decis\u00e3o t\u00e3o importante \u00e9 um absurdo, pois se corre o risco de entregar nas m\u00e3os do Congresso a miss\u00e3o de escolher, de forma indireta, quem comandar\u00e1 o Brasil at\u00e9 2018. Esse dever \u00e9 da popula\u00e7\u00e3o, n\u00e3o de um grupo que est\u00e1 mais interessado em tirar proveito do setor p\u00fablico.<\/p>\n<p>&nbsp;<\/p>\n<p>Da mesma forma que est\u00e1 indo para as ruas pedir o fim de mandato de Dilma, a popula\u00e7\u00e3o deveria cobrar o direito de eleger o substituto da petista. Esse \u00e9 o caminho mais democr\u00e1tico, pois, se novamente errassem no voto, os eleitores poderiam exigir mudan\u00e7as. O grosso do eleitorado foi enganado em 2014. A petista mostrou, na sua campanha, um Brasil sem infla\u00e7\u00e3o, em crescimento, com emprego de sobra e renda em alta. T\u00e3o logo as urnas confirmaram a reelei\u00e7\u00e3o, a verdade deu as caras por meio de carestia desenfreada, recess\u00e3o, demiss\u00f5es em massa e sal\u00e1rio em queda.<\/p>\n<p>&nbsp;<\/p>\n<p>A sa\u00edda de Dilma, se concretizada, ser\u00e1 apenas a ponta do processo de renova\u00e7\u00e3o que o Brasil tanto anseia. Os eleitores querem muito mais. N\u00e3o suportam mais pol\u00edticos corruptos, a\u00e7\u00f5es de compadrio, governo dos amigos e para os amigos. Foi isso o que vimos, at\u00f4nitos, nos \u00faltimos 13 anos. Que ningu\u00e9m se engane: a paci\u00eancia chegou ao limite.<\/p>\n<p>&nbsp;<\/p>\n<p>Bras\u00edlia, 09h40min<\/p>\n","protected":false},"excerpt":{"rendered":"<p>Ao que tudo indica, confirmada a debandada de hoje do PMDB, o governo de Dilma Rousseff dar\u00e1 seus derradeiros passos. Mesmo entre os mais fi\u00e9is aliados da presidente da Rep\u00fablica, a certeza \u00e9 de que n\u00e3o h\u00e1 mais como a petista reverter a aprova\u00e7\u00e3o do impeachment. Dilma cair\u00e1 menos por seus erros \u2014 que foram [&hellip;]<\/p>\n","protected":false},"author":22,"featured_media":0,"comment_status":"open","ping_status":"closed","sticky":false,"template":"","format":"standard","meta":{"wpb_read_more":[],"footnotes":""},"categories":[1],"tags":[],"class_list":["post-676","post","type-post","status-publish","format-standard","hentry","category-sem-categoria"],"_links":{"self":[{"href":"https:\/\/blogs2.correiobraziliense.com.br\/vicente\/wp-json\/wp\/v2\/posts\/676","targetHints":{"allow":["GET"]}}],"collection":[{"href":"https:\/\/blogs2.correiobraziliense.com.br\/vicente\/wp-json\/wp\/v2\/posts"}],"about":[{"href":"https:\/\/blogs2.correiobraziliense.com.br\/vicente\/wp-json\/wp\/v2\/types\/post"}],"author":[{"embeddable":true,"href":"https:\/\/blogs2.correiobraziliense.com.br\/vicente\/wp-json\/wp\/v2\/users\/22"}],"replies":[{"embeddable":true,"href":"https:\/\/blogs2.correiobraziliense.com.br\/vicente\/wp-json\/wp\/v2\/comments?post=676"}],"version-history":[{"count":1,"href":"https:\/\/blogs2.correiobraziliense.com.br\/vicente\/wp-json\/wp\/v2\/posts\/676\/revisions"}],"predecessor-version":[{"id":677,"href":"https:\/\/blogs2.correiobraziliense.com.br\/vicente\/wp-json\/wp\/v2\/posts\/676\/revisions\/677"}],"wp:attachment":[{"href":"https:\/\/blogs2.correiobraziliense.com.br\/vicente\/wp-json\/wp\/v2\/media?parent=676"}],"wp:term":[{"taxonomy":"category","embeddable":true,"href":"https:\/\/blogs2.correiobraziliense.com.br\/vicente\/wp-json\/wp\/v2\/categories?post=676"},{"taxonomy":"post_tag","embeddable":true,"href":"https:\/\/blogs2.correiobraziliense.com.br\/vicente\/wp-json\/wp\/v2\/tags?post=676"}],"curies":[{"name":"wp","href":"https:\/\/api.w.org\/{rel}","templated":true}]}}