{"id":680,"date":"2016-03-31T00:09:02","date_gmt":"2016-03-31T03:09:02","guid":{"rendered":"https:\/\/blogs2.correiobraziliense.com.br\/vicente\/?p=680"},"modified":"2016-03-31T00:09:02","modified_gmt":"2016-03-31T03:09:02","slug":"desmanche-do-pais","status":"publish","type":"post","link":"https:\/\/blogs2.correiobraziliense.com.br\/vicente\/desmanche-do-pais\/","title":{"rendered":"DESMANCHE DO PA\u00cdS"},"content":{"rendered":"<p>O primeiro trimestre do ano termina hoje com um saldo melanc\u00f3lico. Com o pa\u00eds atolado na mais grave crise pol\u00edtica da hist\u00f3ria, tudo indica que o Produto Interno Bruto (PIB) registrou queda entre 1% e 1,5% no per\u00edodo ante os \u00faltimos tr\u00eas meses de 2015, quando a retra\u00e7\u00e3o j\u00e1 havia sido de quase 2%. N\u00e3o h\u00e1 perspectivas de que o derretimento da atividade esteja chegando ao fim. A desconfian\u00e7a em rela\u00e7\u00e3o ao governo e ao futuro do pa\u00eds \u00e9 enorme.<\/p>\n<p>&nbsp;<\/p>\n<p>No com\u00e9rcio, o discurso embute um tom de desespero. Os lojistas s\u00f3 falam em demiss\u00f5es. Os clientes desapareceram. O faturamento caiu a um ter\u00e7o, na m\u00e9dia, ante o registrado no primeiro trimestre do ano passado. V\u00e1rios comerciantes j\u00e1 estipularam um prazo: ou a clientela volta nos pr\u00f3ximos tr\u00eas meses, ou ter\u00e3o que fechar os pontos de vendas. Nem mesmo as datas festivas os fazem acreditar em recupera\u00e7\u00e3o. Preveem o pior Dia das M\u00e3es em mais de uma d\u00e9cada.<\/p>\n<p>&nbsp;<\/p>\n<p>Na ind\u00fastria n\u00e3o \u00e9 diferente. Os estoques est\u00e3o elevad\u00edssimos e n\u00e3o h\u00e1 perspectivas de eleva\u00e7\u00e3o das encomendas. Turnos de produ\u00e7\u00e3o est\u00e3o sendo cortados. No caso em que as f\u00e1bricas s\u00f3 est\u00e3o operando em per\u00edodo \u00fanico, o enxugamento est\u00e1 se dando por meio de pessoal, ou seja, demiss\u00f5es. Somente os produtores de m\u00e1quinas e equipamentos fecharam 13 mil postos em fevereiro. No acumulado dos dois primeiros meses do ano, as receitas desse segmento desabaram 28,7%.<\/p>\n<p>&nbsp;<\/p>\n<p>O setor de m\u00e1quinas e equipamentos \u00e9 emblem\u00e1tico. Se ele vai mal, significa que os investimentos produtivos, que poderiam ampliar os empregos e a renda dos trabalhadores, est\u00e3o em retra\u00e7\u00e3o. Os empres\u00e1rios preferem operar com a estrutura que t\u00eam, por n\u00e3o acreditarem que, mais \u00e0 frente, ter\u00e3o para quem vender seus produtos. Sem investimentos, que est\u00e3o em queda h\u00e1 mais de tr\u00eas anos, o pa\u00eds est\u00e1 comprometendo o futuro, reduzindo a capacidade de rea\u00e7\u00e3o quando a crise pol\u00edtica amainar e a credibilidade nos governantes voltar.<\/p>\n<p>&nbsp;<\/p>\n<p><b>Fuga de capitais<\/b><\/p>\n<p>&nbsp;<\/p>\n<p>N\u00e3o \u00e0 toa, o termo depress\u00e3o voltou a circular com for\u00e7a entre os economistas. Eles acreditam que, quanto mais o Congresso demorar para definir o impeachment da presidente Dilma Rousseff, mais rapidamente o Brasil ir\u00e1 para o buraco. A situa\u00e7\u00e3o tende a ser a pior poss\u00edvel se a petista for mantida no poder. N\u00e3o haver\u00e1 reformas nem aprova\u00e7\u00e3o de medidas fiscais que poderiam dar algum tipo de alento. Na vis\u00e3o do economista-chefe da INVX Partners, Eduardo Velho, se, com o PMDB na base aliada, nada andava, n\u00e3o h\u00e1 como esperar vit\u00f3rias do Planalto a partir de agora.<\/p>\n<p>&nbsp;<\/p>\n<p>Ele acredita que o pa\u00eds pode enfrentar, com a derrota do impeachment, fuga maci\u00e7a de recursos, uma vez que os investidores est\u00e3o apostando todas as fichas na interrup\u00e7\u00e3o do mandato de Dilma. Isso resultaria em disparada do d\u00f3lar, derretimento da bolsa de valores, aumento da infla\u00e7\u00e3o, restri\u00e7\u00f5es ainda maiores no cr\u00e9dito. N\u00e3o se trata de terrorismo. O problema \u00e9 que os agentes econ\u00f4micos n\u00e3o veem mais condi\u00e7\u00f5es no governo petista de dar um novo rumo ao Brasil.<\/p>\n<p>&nbsp;<\/p>\n<p>\u201cNingu\u00e9m espera que, com o vice-presidente, Michel Temer, assumindo o governo em caso de impeachment haja grande melhora na situa\u00e7\u00e3o do pa\u00eds. Mas est\u00e1 claro que, com a continuidade de Dilma no poder, o que j\u00e1 est\u00e1 ruim na economia vai piorar\u201d, diz Velho. Para ele, a presidente n\u00e3o ter\u00e1 condi\u00e7\u00f5es de fazer um governo de coaliza\u00e7\u00e3o que restabele\u00e7a as pontes necess\u00e1rias para o resgate da atividade. \u201cCom Dilma, vamos ver o desemprego atingindo n\u00edveis alarmantes. Isso ficar\u00e1 claro a partir de abril. O segundo trimestre do ano ser\u00e1 dram\u00e1tico para os trabalhadores\u201d, acrescenta.<\/p>\n<p>&nbsp;<\/p>\n<p><b>Falsa impress\u00e3o<\/b><\/p>\n<p>&nbsp;<\/p>\n<p>O governo acredita que ainda pode dobrar os empres\u00e1rios no caso de derrubada do impeachment. O entendimento no Planalto \u00e9 de que n\u00e3o haver\u00e1 espa\u00e7o para confronto, uma vez que \u00e9 interesse de todos que a economia saia do fundo do po\u00e7o. Assessores pr\u00f3ximos a Dilma dizem que aos agentes econ\u00f4micos est\u00e3o mais interessados em lucros e n\u00e3o v\u00e3o esperar at\u00e9 2018, quando, teoricamente, termina o mandato da petista, para retomar os neg\u00f3cios. \u201cIndependentemente da decis\u00e3o do Congresso, o que o empresariado quer \u00e9 um governo respaldado para continuar no poder. E o Congresso vai nos dar isso\u201d, ressalta um interlocutor da presidente da Rep\u00fablica. \u201cEstamos falando de pragmatismo\u201d, enfatiza.<\/p>\n<p>&nbsp;<\/p>\n<p>A aposta principal dos empres\u00e1rios, por\u00e9m, \u00e9 de derrota de Dilma no Congresso. Para eles, o afastamento da presidente \u00e9 irrevers\u00edvel, mesmo que, num primeiro momento, partidos com o PP se mantenham na base aliada dando a impress\u00e3o que a petista garantir\u00e1 os 172 votos que precisa para se livrar do processo que tramita na C\u00e2mara. Mas a press\u00e3o das ruas ser\u00e1 t\u00e3o grande que a maioria dos deputados acabar\u00e1 por apoiar o impeachment. \u201cO governo est\u00e1 em estado terminal. Logo veremos os aparelhos serem desligados\u201d, frisa um executivo do setor sider\u00fargico. A contagem regressiva come\u00e7ou.<\/p>\n<p>&nbsp;<\/p>\n<p><i>Bras\u00edlia, 00h08min<\/i><\/p>\n","protected":false},"excerpt":{"rendered":"<p>O primeiro trimestre do ano termina hoje com um saldo melanc\u00f3lico. Com o pa\u00eds atolado na mais grave crise pol\u00edtica da hist\u00f3ria, tudo indica que o Produto Interno Bruto (PIB) registrou queda entre 1% e 1,5% no per\u00edodo ante os \u00faltimos tr\u00eas meses de 2015, quando a retra\u00e7\u00e3o j\u00e1 havia sido de quase 2%. N\u00e3o [&hellip;]<\/p>\n","protected":false},"author":22,"featured_media":0,"comment_status":"open","ping_status":"closed","sticky":false,"template":"","format":"standard","meta":{"wpb_read_more":[],"footnotes":""},"categories":[1],"tags":[],"class_list":["post-680","post","type-post","status-publish","format-standard","hentry","category-sem-categoria"],"_links":{"self":[{"href":"https:\/\/blogs2.correiobraziliense.com.br\/vicente\/wp-json\/wp\/v2\/posts\/680","targetHints":{"allow":["GET"]}}],"collection":[{"href":"https:\/\/blogs2.correiobraziliense.com.br\/vicente\/wp-json\/wp\/v2\/posts"}],"about":[{"href":"https:\/\/blogs2.correiobraziliense.com.br\/vicente\/wp-json\/wp\/v2\/types\/post"}],"author":[{"embeddable":true,"href":"https:\/\/blogs2.correiobraziliense.com.br\/vicente\/wp-json\/wp\/v2\/users\/22"}],"replies":[{"embeddable":true,"href":"https:\/\/blogs2.correiobraziliense.com.br\/vicente\/wp-json\/wp\/v2\/comments?post=680"}],"version-history":[{"count":1,"href":"https:\/\/blogs2.correiobraziliense.com.br\/vicente\/wp-json\/wp\/v2\/posts\/680\/revisions"}],"predecessor-version":[{"id":681,"href":"https:\/\/blogs2.correiobraziliense.com.br\/vicente\/wp-json\/wp\/v2\/posts\/680\/revisions\/681"}],"wp:attachment":[{"href":"https:\/\/blogs2.correiobraziliense.com.br\/vicente\/wp-json\/wp\/v2\/media?parent=680"}],"wp:term":[{"taxonomy":"category","embeddable":true,"href":"https:\/\/blogs2.correiobraziliense.com.br\/vicente\/wp-json\/wp\/v2\/categories?post=680"},{"taxonomy":"post_tag","embeddable":true,"href":"https:\/\/blogs2.correiobraziliense.com.br\/vicente\/wp-json\/wp\/v2\/tags?post=680"}],"curies":[{"name":"wp","href":"https:\/\/api.w.org\/{rel}","templated":true}]}}