{"id":686,"date":"2016-04-01T00:01:20","date_gmt":"2016-04-01T03:01:20","guid":{"rendered":"https:\/\/blogs2.correiobraziliense.com.br\/vicente\/?p=686"},"modified":"2016-04-01T01:03:33","modified_gmt":"2016-04-01T04:03:33","slug":"desdem-do-mercado","status":"publish","type":"post","link":"https:\/\/blogs2.correiobraziliense.com.br\/vicente\/desdem-do-mercado\/","title":{"rendered":"DESD\u00c9M DO MERCADO"},"content":{"rendered":"<p>\u00bb O mercado financeiro recebeu com desd\u00e9m o Relat\u00f3rio Trimestral de Infla\u00e7\u00e3o divulgado ontem pelo Banco Central. Viram o documento como defasado. Para analistas, continua atr\u00e1s da curva, ou seja, insiste em prever um quadro melhor do que a realidade, a come\u00e7ar pela estimativa de queda do Produto Interno Bruto (PIB), de 3,5%.<\/p>\n<p>&nbsp;<\/p>\n<p><b>Queda j\u00e1 definida<\/b><\/p>\n<p>&nbsp;<\/p>\n<p>\u00bb Os investidores tamb\u00e9m n\u00e3o acreditam no discurso enf\u00e1tico do diretor de Pol\u00edtica Econ\u00f4mica do BC, Altamir Lopes, de que n\u00e3o haver\u00e1 queda de juros t\u00e3o cedo. Mera formalidade. J\u00e1 est\u00e1 praticamente definido que, no fim do primeiro semestre ou in\u00edcio do segundo, a taxa Selic, de 14,25%, cair\u00e1, ainda que lentamente.<\/p>\n","protected":false},"excerpt":{"rendered":"<p>\u00bb O mercado financeiro recebeu com desd\u00e9m o Relat\u00f3rio Trimestral de Infla\u00e7\u00e3o divulgado ontem pelo Banco Central. Viram o documento como defasado. Para analistas, continua atr\u00e1s da curva, ou seja, insiste em prever um quadro melhor do que a realidade, a come\u00e7ar pela estimativa de queda do Produto Interno Bruto (PIB), de 3,5%. &nbsp; Queda [&hellip;]<\/p>\n","protected":false},"author":22,"featured_media":0,"comment_status":"open","ping_status":"closed","sticky":false,"template":"","format":"standard","meta":{"wpb_read_more":[],"footnotes":""},"categories":[1],"tags":[],"class_list":["post-686","post","type-post","status-publish","format-standard","hentry","category-sem-categoria"],"_links":{"self":[{"href":"https:\/\/blogs2.correiobraziliense.com.br\/vicente\/wp-json\/wp\/v2\/posts\/686","targetHints":{"allow":["GET"]}}],"collection":[{"href":"https:\/\/blogs2.correiobraziliense.com.br\/vicente\/wp-json\/wp\/v2\/posts"}],"about":[{"href":"https:\/\/blogs2.correiobraziliense.com.br\/vicente\/wp-json\/wp\/v2\/types\/post"}],"author":[{"embeddable":true,"href":"https:\/\/blogs2.correiobraziliense.com.br\/vicente\/wp-json\/wp\/v2\/users\/22"}],"replies":[{"embeddable":true,"href":"https:\/\/blogs2.correiobraziliense.com.br\/vicente\/wp-json\/wp\/v2\/comments?post=686"}],"version-history":[{"count":1,"href":"https:\/\/blogs2.correiobraziliense.com.br\/vicente\/wp-json\/wp\/v2\/posts\/686\/revisions"}],"predecessor-version":[{"id":687,"href":"https:\/\/blogs2.correiobraziliense.com.br\/vicente\/wp-json\/wp\/v2\/posts\/686\/revisions\/687"}],"wp:attachment":[{"href":"https:\/\/blogs2.correiobraziliense.com.br\/vicente\/wp-json\/wp\/v2\/media?parent=686"}],"wp:term":[{"taxonomy":"category","embeddable":true,"href":"https:\/\/blogs2.correiobraziliense.com.br\/vicente\/wp-json\/wp\/v2\/categories?post=686"},{"taxonomy":"post_tag","embeddable":true,"href":"https:\/\/blogs2.correiobraziliense.com.br\/vicente\/wp-json\/wp\/v2\/tags?post=686"}],"curies":[{"name":"wp","href":"https:\/\/api.w.org\/{rel}","templated":true}]}}