{"id":689,"date":"2016-04-01T10:10:00","date_gmt":"2016-04-01T13:10:00","guid":{"rendered":"https:\/\/blogs2.correiobraziliense.com.br\/vicente\/?p=689"},"modified":"2016-04-01T10:12:03","modified_gmt":"2016-04-01T13:12:03","slug":"miriam-belchior-demite-o-presidente-da-funcef","status":"publish","type":"post","link":"https:\/\/blogs2.correiobraziliense.com.br\/vicente\/miriam-belchior-demite-o-presidente-da-funcef\/","title":{"rendered":"MIRIAM BELCHIOR DEMITE O PRESIDENTE DA FUNCEF"},"content":{"rendered":"<p>A presidente da Caixa Econ\u00f4mica Federal, Miriam Belchior, demitiu Carlos Alberto Caser da presid\u00eancia da Funcef, o fundo de pens\u00e3o dos empregados da institui\u00e7\u00e3o. Os dois j\u00e1 vinham se desentendendo h\u00e1 tempos.<\/p>\n<p>&nbsp;<\/p>\n<p>Caser pediu para sair da Funcef pouco depois de Belchior tomar posse. Os dois se desentenderam sobre a fr\u00e1gil situa\u00e7\u00e3o do fundo de pens\u00e3o, que se meteu em p\u00e9ssimos neg\u00f3cios que resultaram em preju\u00edzos bilion\u00e1rios. Um dos mais ruidosos foi a injen\u00e7\u00e3o de bilh\u00f5es de reais na combalida Sete Brasil, produtora de sondas para a Petrobras.<\/p>\n<p>&nbsp;<\/p>\n<p>Belchior mandou Caser ficar para responder pela Funcef na CPI dos Fundos de Pens\u00e3o, que est\u00e1 pr\u00f3xima do fim. Agora, a presidente da Caixa resolveu intervir na funda\u00e7\u00e3o, que acumula deficit de R$ 13,2 bilh\u00f5es. O banco e seus funcion\u00e1rios ter\u00e3o de cobrir esse rombo ao longo de 17 anos.<\/p>\n<p>&nbsp;<\/p>\n<p>Caser j\u00e1 comunicou a todos os diretores que ficar\u00e1 na Funcef por apenas mais uma semana.<\/p>\n<p>&nbsp;<\/p>\n<p>Bras\u00edlia, 10h08min<\/p>\n","protected":false},"excerpt":{"rendered":"<p>A presidente da Caixa Econ\u00f4mica Federal, Miriam Belchior, demitiu Carlos Alberto Caser da presid\u00eancia da Funcef, o fundo de pens\u00e3o dos empregados da institui\u00e7\u00e3o. Os dois j\u00e1 vinham se desentendendo h\u00e1 tempos. &nbsp; Caser pediu para sair da Funcef pouco depois de Belchior tomar posse. Os dois se desentenderam sobre a fr\u00e1gil situa\u00e7\u00e3o do fundo [&hellip;]<\/p>\n","protected":false},"author":22,"featured_media":0,"comment_status":"open","ping_status":"closed","sticky":false,"template":"","format":"standard","meta":{"wpb_read_more":[],"footnotes":""},"categories":[1],"tags":[],"class_list":["post-689","post","type-post","status-publish","format-standard","hentry","category-sem-categoria"],"_links":{"self":[{"href":"https:\/\/blogs2.correiobraziliense.com.br\/vicente\/wp-json\/wp\/v2\/posts\/689","targetHints":{"allow":["GET"]}}],"collection":[{"href":"https:\/\/blogs2.correiobraziliense.com.br\/vicente\/wp-json\/wp\/v2\/posts"}],"about":[{"href":"https:\/\/blogs2.correiobraziliense.com.br\/vicente\/wp-json\/wp\/v2\/types\/post"}],"author":[{"embeddable":true,"href":"https:\/\/blogs2.correiobraziliense.com.br\/vicente\/wp-json\/wp\/v2\/users\/22"}],"replies":[{"embeddable":true,"href":"https:\/\/blogs2.correiobraziliense.com.br\/vicente\/wp-json\/wp\/v2\/comments?post=689"}],"version-history":[{"count":2,"href":"https:\/\/blogs2.correiobraziliense.com.br\/vicente\/wp-json\/wp\/v2\/posts\/689\/revisions"}],"predecessor-version":[{"id":691,"href":"https:\/\/blogs2.correiobraziliense.com.br\/vicente\/wp-json\/wp\/v2\/posts\/689\/revisions\/691"}],"wp:attachment":[{"href":"https:\/\/blogs2.correiobraziliense.com.br\/vicente\/wp-json\/wp\/v2\/media?parent=689"}],"wp:term":[{"taxonomy":"category","embeddable":true,"href":"https:\/\/blogs2.correiobraziliense.com.br\/vicente\/wp-json\/wp\/v2\/categories?post=689"},{"taxonomy":"post_tag","embeddable":true,"href":"https:\/\/blogs2.correiobraziliense.com.br\/vicente\/wp-json\/wp\/v2\/tags?post=689"}],"curies":[{"name":"wp","href":"https:\/\/api.w.org\/{rel}","templated":true}]}}