{"id":69,"date":"2015-03-20T00:01:00","date_gmt":"2015-03-20T03:01:00","guid":{"rendered":"https:\/\/blogs2.correiobraziliense.com.br\/vicente\/receita_do_caos\/"},"modified":"2015-03-20T00:01:00","modified_gmt":"2015-03-20T03:01:00","slug":"receita_do_caos","status":"publish","type":"post","link":"https:\/\/blogs2.correiobraziliense.com.br\/vicente\/receita_do_caos\/","title":{"rendered":"RECEITA DO CAOS"},"content":{"rendered":"\n<p>O governo est\u00e1 tentando de todas as formas convencer as ag\u00eancias de classifica\u00e7\u00e3o de risco a manterem o grau de investimentos do Brasil, mas o pa\u00eds j\u00e1 foi rebaixado pelo mercado financeiro. Usado como refer\u00eancia pelos agentes privados para medir o grau de confian\u00e7a de uma economia, o Credit Default Swap (CDS) brasileiro atingiu ontem 306 pontos, acumulando alta de 51% no ano. De longe, foi a maior arrancada entre os pa\u00edses que t\u00eam esses pap\u00e9is listados no mercado.  <\/p>\n<p>Para os investidores que recorrem a esse seguro contra calote, a capacidade de a presidente Dilma Rousseff manter o controle do governo est\u00e1 pr\u00f3xima do limite. A cada dia, um fato novo mostra que a petista est\u00e1 ref\u00e9m do PMDB, que j\u00e1 anuncia demiss\u00e3o de ministro antes do Pal\u00e1cio do Planalto, e n\u00e3o tem o menor apoio de seu partido, o PT. Diante dessa fragilidade pol\u00edtica, diminui a confian\u00e7a na capacidade do ministro da Fazenda, Joaquim Levy, de entregar o ajuste fiscal que pode tirar o pa\u00eds do atoleiro econ\u00f4mico no qual afundou.  <\/p>\n<p>O des\u00e2nimo \u00e9 geral. E a falta de credibilidade do governo est\u00e1 provocando estragos imensos na economia real. Por falta de par\u00e2metro para a forma\u00e7\u00e3o dos juros, os bancos t\u00eam restringido a concess\u00e3o de cr\u00e9dito. As institui\u00e7\u00f5es usam o mercado futuro para definir as taxas que cobrar\u00e3o da clientela nos empr\u00e9stimos e financiamentos, mas, como esses \u00edndices v\u00eam oscilando muito, a ordem foi suspender opera\u00e7\u00f5es at\u00e9 que o horizonte fique menos nebuloso.  <\/p>\n<p>Ontem, por causa da incerteza pol\u00edtica que levou o d\u00f3lar ao maior patamar em 12 anos, as taxas de juros futuros atingiram 13,77% ao ano nos contratos com vencimento em janeiro de 2016. Nos contratos de janeiro de 2021, bateram em 13,21%. Os encargos est\u00e3o at\u00e9 um ponto percentual acima da taxa b\u00e1sica (Selic) definida pelo Banco Central, de 12,75%. Ao empurrarem os juros futuros para tal patamar, os investidores deram um sinal claro que de a confian\u00e7a no governo se esvaiu por completo.  <\/p>\n<p>Esperava-se que as recentes declara\u00e7\u00f5es do presidente do BC, Alexandre Tombini, assegurando que a institui\u00e7\u00e3o levar\u00e1 a infla\u00e7\u00e3o para o centro da meta no fim de 2016, acalmassem os \u00e2nimos. Mas os erros sucessivos da autoridade monet\u00e1ria na condu\u00e7\u00e3o da pol\u00edtica de juros e no combate \u00e0 carestia parecem ter exaurido o capital de Tombini para retomar o controle das expectativas. Para reverter esse quadro, ser\u00e3o necess\u00e1rias declara\u00e7\u00f5es di\u00e1rias, com n\u00fameros consistentes, mostrando que o pa\u00eds tem capacidade para reduzir quase \u00e0 metade a infla\u00e7\u00e3o, que est\u00e1 raspando os 8%.  <\/p>\n<p>Na verdade, nada do que o governo diz est\u00e1 sendo capaz de reverter o pessimismo. Do lado dos consumidores, a inten\u00e7\u00e3o de compras desabou para o n\u00edvel mais baixo da hist\u00f3ria, conforme levantamento da Confedera\u00e7\u00e3o Nacional do Com\u00e9rcio (CNC). Na ind\u00fastria, com os estoques elevados, tornou-se rotina desligar f\u00e1bricas. A Confedera\u00e7\u00e3o Nacional do setor (CNI) assegura que, na m\u00e9dia, as empresas operam com 34% de ociosidade. Ou seja, um ter\u00e7o do parque produtivo do pa\u00eds est\u00e1 parado.  <\/p>\n<p>Diante desse quadro, est\u00e1 se consolidando a percep\u00e7\u00e3o de que o tombo do Produto Interno Bruto (PIB) deste ano ser\u00e1 mesmo superior a 1%, com aumento do desemprego. A recess\u00e3o que se desenha parece ser brutal. \u00c9 por isso que os investidores est\u00e3o empurrando tanto a taxa do CDS do Brasil para cima. O risco de M\u00e9xico, por exemplo, est\u00e1 em 132, com alta de 27% no ano. O da \u00c1frica do Sul, em 205 pontos, em eleva\u00e7\u00e3o de 8%.  <\/p>\n<p>Como bem lembrou um t\u00e9cnico do governo, todos os pa\u00edses emergentes v\u00eam sofrendo neste momento, em que as fragilidades se acentuaram por causa das perspectivas de aumento das taxas de juros nos Estados Unidos. Mas, entre as grandes economias em desenvolvimento, nenhuma combina um quadro t\u00e3o assustador quanto a brasileira. O pa\u00eds est\u00e1 em recess\u00e3o, com infla\u00e7\u00e3o de quase o dobro da meta perseguida pelo BC (4,5%), deficit fiscal de 7% do PIB e rombo nas contas externas superior a 4% do PIB. Tudo isso com uma presidente que n\u00e3o completou o terceiro m\u00eas do segundo mandato e desfruta de rejei\u00e7\u00e3o de 62%. \u00c9 a receita do caos.  <\/p>\n<p><b>Dedos cruzados<\/b>  <\/p>\n<p>\u00bb T\u00e9cnicos da equipe econ\u00f4mica acreditam que a Moody\u2019s e a Fitch Ratings v\u00e3o rebaixar o Brasil, para igualar a classifica\u00e7\u00e3o de risco \u00e0 avalia\u00e7\u00e3o feita pela Standard and Poor\u2019s (S&amp;P). Mas acreditam que quatro ou cinco meses consecutivos de superavit prim\u00e1rio v\u00e3o ajudar o pa\u00eds a manter o grau de investimento. A torcida \u00e9 grande.<b>  <\/p>\n<p>Longe da retomada<\/b>  <\/p>\n<p>\u00bb Mesmo os mais otimistas integrantes da equipe de Joaquim Levy n\u00e3o veem chances de retomada da economia no segundo semestre, como prega a presidente Dilma Rousseff. O que haver\u00e1, dizem, ser\u00e1 um suspiro que pode se transformar em esperan\u00e7a para que, em 2016, o saldo seja positivo, mesmo que pequeno.<b>  <\/p>\n<p>Melhor dar o exemplo<\/b>  <\/p>\n<p>\u00bb Na tentativa de dar bom exemplo ante a amea\u00e7a de racionamento, o Minist\u00e9rio de Minas e Energia mandou desligar um dos elevadores de seu pr\u00e9dio, na Esplanada. Numa placa, justifica que est\u00e1 contribuindo com as medidas \u201cde economicidade\u201d determinadas pelo governo.  <\/p>\n<p><b>Luta contra o des\u00e2nimo<\/b>  <\/p>\n<p>\u00bb J\u00e1 foi bem, mas bem melhor o clima no Minist\u00e9rio da Fazenda. O entusiasmo de Joaquim Levy, que contaminava a todos, diminui a cada dia. Mas ele se esfor\u00e7a para manter o empenho da equipe. Tem trabalhado at\u00e9 14 horas por dia.  <\/p>\n<p>Bras\u00edlia, 00h01min   <\/p>\n","protected":false},"excerpt":{"rendered":"<p>O governo est\u00e1 tentando de todas as formas convencer as ag\u00eancias de classifica\u00e7\u00e3o de risco a manterem o grau de investimentos do Brasil, mas o pa\u00eds j\u00e1 foi rebaixado pelo mercado financeiro. Usado como refer\u00eancia pelos agentes privados para medir o grau de confian\u00e7a de uma economia, o Credit Default Swap (CDS) brasileiro atingiu ontem [&hellip;]<\/p>\n","protected":false},"author":22,"featured_media":0,"comment_status":"open","ping_status":"open","sticky":false,"template":"","format":"standard","meta":{"wpb_read_more":[],"footnotes":""},"categories":[1],"tags":[],"class_list":["post-69","post","type-post","status-publish","format-standard","hentry","category-sem-categoria"],"_links":{"self":[{"href":"https:\/\/blogs2.correiobraziliense.com.br\/vicente\/wp-json\/wp\/v2\/posts\/69","targetHints":{"allow":["GET"]}}],"collection":[{"href":"https:\/\/blogs2.correiobraziliense.com.br\/vicente\/wp-json\/wp\/v2\/posts"}],"about":[{"href":"https:\/\/blogs2.correiobraziliense.com.br\/vicente\/wp-json\/wp\/v2\/types\/post"}],"author":[{"embeddable":true,"href":"https:\/\/blogs2.correiobraziliense.com.br\/vicente\/wp-json\/wp\/v2\/users\/22"}],"replies":[{"embeddable":true,"href":"https:\/\/blogs2.correiobraziliense.com.br\/vicente\/wp-json\/wp\/v2\/comments?post=69"}],"version-history":[{"count":0,"href":"https:\/\/blogs2.correiobraziliense.com.br\/vicente\/wp-json\/wp\/v2\/posts\/69\/revisions"}],"wp:attachment":[{"href":"https:\/\/blogs2.correiobraziliense.com.br\/vicente\/wp-json\/wp\/v2\/media?parent=69"}],"wp:term":[{"taxonomy":"category","embeddable":true,"href":"https:\/\/blogs2.correiobraziliense.com.br\/vicente\/wp-json\/wp\/v2\/categories?post=69"},{"taxonomy":"post_tag","embeddable":true,"href":"https:\/\/blogs2.correiobraziliense.com.br\/vicente\/wp-json\/wp\/v2\/tags?post=69"}],"curies":[{"name":"wp","href":"https:\/\/api.w.org\/{rel}","templated":true}]}}