{"id":693,"date":"2016-04-01T16:37:33","date_gmt":"2016-04-01T19:37:33","guid":{"rendered":"https:\/\/blogs2.correiobraziliense.com.br\/vicente\/?p=693"},"modified":"2016-04-01T16:37:33","modified_gmt":"2016-04-01T19:37:33","slug":"caixa-diz-que-caser-fica-na-funcef-ate-achar-substituto","status":"publish","type":"post","link":"https:\/\/blogs2.correiobraziliense.com.br\/vicente\/caixa-diz-que-caser-fica-na-funcef-ate-achar-substituto\/","title":{"rendered":"CAIXA DIZ QUE CASER FICA NA FUNCEF AT\u00c9 ACHAR SUBSTITUTO"},"content":{"rendered":"<p>A dire\u00e7\u00e3o da Caixa encaminhou nota ao <strong>Blog<\/strong> na qual afirma que Carlos Alberto Caser, atual presidente da Funcef, o fundo de pens\u00e3o dos empregados do banco, fica no cargo at\u00e9 que seja encontrado um substituto. A perspectiva dentro da institui\u00e7\u00e3o financeira \u00e9 de que a troca ocorra at\u00e9 o fim da pr\u00f3xima semana.<\/p>\n<p>&nbsp;<\/p>\n<p>Leia a nota da Caixa:<\/p>\n<p>&nbsp;<\/p>\n<p>&#8220;A respeito da nota &#8216;Miriam Belchior demite o presidente da Funcef&#8217;, a CAIXA esclarece que a presidenta do banco, Miriam Belchior, acolheu o pedido do presidente da Funcef, Carlos Alberto Caser. Em comum acordo, ficou definida sua perman\u00eancia no cargo, at\u00e9 que o substituto seja definido&#8221;<\/p>\n","protected":false},"excerpt":{"rendered":"<p>A dire\u00e7\u00e3o da Caixa encaminhou nota ao Blog na qual afirma que Carlos Alberto Caser, atual presidente da Funcef, o fundo de pens\u00e3o dos empregados do banco, fica no cargo at\u00e9 que seja encontrado um substituto. A perspectiva dentro da institui\u00e7\u00e3o financeira \u00e9 de que a troca ocorra at\u00e9 o fim da pr\u00f3xima semana. &nbsp; [&hellip;]<\/p>\n","protected":false},"author":22,"featured_media":0,"comment_status":"open","ping_status":"closed","sticky":false,"template":"","format":"standard","meta":{"wpb_read_more":[],"footnotes":""},"categories":[1],"tags":[],"class_list":["post-693","post","type-post","status-publish","format-standard","hentry","category-sem-categoria"],"_links":{"self":[{"href":"https:\/\/blogs2.correiobraziliense.com.br\/vicente\/wp-json\/wp\/v2\/posts\/693","targetHints":{"allow":["GET"]}}],"collection":[{"href":"https:\/\/blogs2.correiobraziliense.com.br\/vicente\/wp-json\/wp\/v2\/posts"}],"about":[{"href":"https:\/\/blogs2.correiobraziliense.com.br\/vicente\/wp-json\/wp\/v2\/types\/post"}],"author":[{"embeddable":true,"href":"https:\/\/blogs2.correiobraziliense.com.br\/vicente\/wp-json\/wp\/v2\/users\/22"}],"replies":[{"embeddable":true,"href":"https:\/\/blogs2.correiobraziliense.com.br\/vicente\/wp-json\/wp\/v2\/comments?post=693"}],"version-history":[{"count":1,"href":"https:\/\/blogs2.correiobraziliense.com.br\/vicente\/wp-json\/wp\/v2\/posts\/693\/revisions"}],"predecessor-version":[{"id":694,"href":"https:\/\/blogs2.correiobraziliense.com.br\/vicente\/wp-json\/wp\/v2\/posts\/693\/revisions\/694"}],"wp:attachment":[{"href":"https:\/\/blogs2.correiobraziliense.com.br\/vicente\/wp-json\/wp\/v2\/media?parent=693"}],"wp:term":[{"taxonomy":"category","embeddable":true,"href":"https:\/\/blogs2.correiobraziliense.com.br\/vicente\/wp-json\/wp\/v2\/categories?post=693"},{"taxonomy":"post_tag","embeddable":true,"href":"https:\/\/blogs2.correiobraziliense.com.br\/vicente\/wp-json\/wp\/v2\/tags?post=693"}],"curies":[{"name":"wp","href":"https:\/\/api.w.org\/{rel}","templated":true}]}}