{"id":695,"date":"2016-04-01T19:05:01","date_gmt":"2016-04-01T22:05:01","guid":{"rendered":"https:\/\/blogs2.correiobraziliense.com.br\/vicente\/?p=695"},"modified":"2016-04-01T19:05:01","modified_gmt":"2016-04-01T22:05:01","slug":"sergio-mendonca-sera-o-presidente-da-funcef","status":"publish","type":"post","link":"https:\/\/blogs2.correiobraziliense.com.br\/vicente\/sergio-mendonca-sera-o-presidente-da-funcef\/","title":{"rendered":"S\u00c9RGIO MENDON\u00c7A SER\u00c1 O PRESIDENTE DA FUNCEF"},"content":{"rendered":"<p>A presidente da Caixa Econ\u00f4mica Federal, Mirim Belchior, j\u00e1 bateu o martelo: o novo presidente da Funcef, fundo de pens\u00e3o dos empregados dos bancos, ser\u00e1 S\u00e9rgio Mendon\u00e7a, hoje secret\u00e1rio de Rela\u00e7\u00f5es do Trabalho do Minist\u00e9rio do Planejamento.<\/p>\n<p>&nbsp;<\/p>\n<p>A escolha de Mendon\u00e7a para substituir Carlos Aberto Caser foi comunicada \u00e0 diretoria da Caixa na \u00faltima segunda-feira, mas o banco vinha tentando manter a mudan\u00e7a sob sigilo, at\u00e9 o an\u00fancio oficial na pr\u00f3xima semana. Caser ficar\u00e1 no cargo at\u00e9 sexta-feira que vem, na melhor das hip\u00f3teses.<\/p>\n<p>&nbsp;<\/p>\n<p>Mendon\u00e7a \u00e9 homem de confian\u00e7a de Belchior, de quem foi secret\u00e1rio por anos no Planejamento. A presidente da Caixa s\u00f3 n\u00e3o havia substitu\u00eddo Caser antes por causa da CPI dos Fundos de Pens\u00e3o. Ele obrigou Caser a explicar, na Comiss\u00e3o Parlamentar, neg\u00f3cios suspeitos da funda\u00e7\u00e3o, que acumula rombo de R$ 13,2 bilh\u00f5es.<\/p>\n<p>&nbsp;<\/p>\n<p><em>Bras\u00edlia, 19h03min<\/em><\/p>\n","protected":false},"excerpt":{"rendered":"<p>A presidente da Caixa Econ\u00f4mica Federal, Mirim Belchior, j\u00e1 bateu o martelo: o novo presidente da Funcef, fundo de pens\u00e3o dos empregados dos bancos, ser\u00e1 S\u00e9rgio Mendon\u00e7a, hoje secret\u00e1rio de Rela\u00e7\u00f5es do Trabalho do Minist\u00e9rio do Planejamento. &nbsp; A escolha de Mendon\u00e7a para substituir Carlos Aberto Caser foi comunicada \u00e0 diretoria da Caixa na \u00faltima [&hellip;]<\/p>\n","protected":false},"author":22,"featured_media":0,"comment_status":"open","ping_status":"closed","sticky":false,"template":"","format":"standard","meta":{"wpb_read_more":[],"footnotes":""},"categories":[1],"tags":[],"class_list":["post-695","post","type-post","status-publish","format-standard","hentry","category-sem-categoria"],"_links":{"self":[{"href":"https:\/\/blogs2.correiobraziliense.com.br\/vicente\/wp-json\/wp\/v2\/posts\/695","targetHints":{"allow":["GET"]}}],"collection":[{"href":"https:\/\/blogs2.correiobraziliense.com.br\/vicente\/wp-json\/wp\/v2\/posts"}],"about":[{"href":"https:\/\/blogs2.correiobraziliense.com.br\/vicente\/wp-json\/wp\/v2\/types\/post"}],"author":[{"embeddable":true,"href":"https:\/\/blogs2.correiobraziliense.com.br\/vicente\/wp-json\/wp\/v2\/users\/22"}],"replies":[{"embeddable":true,"href":"https:\/\/blogs2.correiobraziliense.com.br\/vicente\/wp-json\/wp\/v2\/comments?post=695"}],"version-history":[{"count":1,"href":"https:\/\/blogs2.correiobraziliense.com.br\/vicente\/wp-json\/wp\/v2\/posts\/695\/revisions"}],"predecessor-version":[{"id":696,"href":"https:\/\/blogs2.correiobraziliense.com.br\/vicente\/wp-json\/wp\/v2\/posts\/695\/revisions\/696"}],"wp:attachment":[{"href":"https:\/\/blogs2.correiobraziliense.com.br\/vicente\/wp-json\/wp\/v2\/media?parent=695"}],"wp:term":[{"taxonomy":"category","embeddable":true,"href":"https:\/\/blogs2.correiobraziliense.com.br\/vicente\/wp-json\/wp\/v2\/categories?post=695"},{"taxonomy":"post_tag","embeddable":true,"href":"https:\/\/blogs2.correiobraziliense.com.br\/vicente\/wp-json\/wp\/v2\/tags?post=695"}],"curies":[{"name":"wp","href":"https:\/\/api.w.org\/{rel}","templated":true}]}}