{"id":697,"date":"2016-04-02T13:30:09","date_gmt":"2016-04-02T16:30:09","guid":{"rendered":"https:\/\/blogs2.correiobraziliense.com.br\/vicente\/?p=697"},"modified":"2016-04-02T13:30:09","modified_gmt":"2016-04-02T16:30:09","slug":"precos-do-acordo","status":"publish","type":"post","link":"https:\/\/blogs2.correiobraziliense.com.br\/vicente\/precos-do-acordo\/","title":{"rendered":"PRE\u00c7OS DO ACORDO"},"content":{"rendered":"<p>POR PAULO SILVA PINTO<\/p>\n<p>&nbsp;<\/p>\n<p>Nada mais leg\u00edtimo do que um governante lutar para permanecer no cargo pelas vias legais. Tamb\u00e9m \u00e9 absolutamente justo que bancos, empresas de consultoria, operadores de mesas de c\u00e2mbio e outros atores da sociedade fa\u00e7am avalia\u00e7\u00f5es sobre as consequ\u00eancias desses esfor\u00e7os.<\/p>\n<p>&nbsp;<\/p>\n<p>A semana foi, predominantemente, de derrota para o governo, com o an\u00fancio da sa\u00edda do PMDB da base de apoio no Congresso. Isso j\u00e1 era, por\u00e9m, dado como certo no fim da semana passada. E a repercuss\u00e3o da foto do presidente da C\u00e2mara, Eduardo Cunha (PMDB-RJ), de m\u00e3os dadas e erguidas com o vice-presidente Michel Temer, n\u00e3o foi das melhores. Al\u00e9m disso, o Planalto se movimentou para fortalecer sua defesa no \u00e2mbito jur\u00eddico, com argumentos apresentados \u00e0 comiss\u00e3o de impeachment; pol\u00edtico, por meio de manifesta\u00e7\u00f5es de apoio nas ruas e em evento no Planalto; e parlamentar, por meio da consolida\u00e7\u00e3o do apoio de quem permanece na base.<\/p>\n<p>&nbsp;<\/p>\n<p>O governo tamb\u00e9m marcou pontos, portanto. Nada que tenha, por ora, alterado as chances de a presidente Dilma Rousseff continuar no cargo at\u00e9 o fim de 2018, ainda consideradas bem menores do que as de que ela saia nos pr\u00f3ximos meses. A Eurasia, consultoria global com foco em movimentos pol\u00edticos e econ\u00f4micos, v\u00ea 75% de chances de Dilma deixar Bras\u00edlia.<\/p>\n<p>&nbsp;<\/p>\n<p>Isso n\u00e3o acontecer\u00e1 necessariamente por meio do impeachment. Tal quadro tem de 60% a 70% de chances de ocorrer, segundo a consultoria. A diferen\u00e7a se deve aos riscos envolvidos no julgamento da elei\u00e7\u00e3o da chapa de Dilma e o vice Michel Temer pelo Tribunal Superior Eleitoral (TSE). Se o resultado das urnas for impugnado, por ilegalidade na campanha, ambos perdem seus cargos e haver\u00e1 nova elei\u00e7\u00e3o.<\/p>\n<p>&nbsp;<\/p>\n<p>Com essa probabilidade, n\u00e3o \u00e9 \u00e0 toa que o d\u00f3lar vem caindo em rela\u00e7\u00e3o ao real e as a\u00e7\u00f5es, subindo. Ontem, a moeda norte-americana fechou em baixa de 0,9%, a R$ 3,559, acumulando queda de 3,31% na semana. O Ibovespa, principal \u00edndice da Bolsa de Valores de S\u00e3o Paulo (BM&amp;Bovespa) subiu 1,01%. A not\u00edcia alentadora da sexta-feira foi a Opera\u00e7\u00e3o Carbono 14, no \u00e2mbito da Lava-Jato, que teve foco na regi\u00e3o do ABC paulista, ber\u00e7o pol\u00edtico local de resid\u00eancia do ex-presidente Luiz In\u00e1cio Lula da Silva. \u00c9 razo\u00e1vel interpretar que isso incrementa as chances de o governo se esfacelar.<\/p>\n<p>&nbsp;<\/p>\n<p>O problema \u00e9 que os operadores do mercado n\u00e3o s\u00e3o oniscientes \u2014 alias, ningu\u00e9m \u00e9. O que se busca ao negociar moedas e a\u00e7\u00f5es \u00e9 ser o primeiro a perceber movimentos que v\u00e3o influenciar os pre\u00e7os, conseguindo-se, assim, vender ou comprar antes de as cota\u00e7\u00f5es baixarem ou subirem, respectivamente.<\/p>\n<p>&nbsp;<\/p>\n<p><b>Mudan\u00e7a de vento<\/b><\/p>\n<p>&nbsp;<\/p>\n<p>H\u00e1 v\u00e1rias pessoas buscando ver primeiro a mudan\u00e7a de vento, avaliando com cuidado o trabalho do governo para frear o atual processo de impeachment em an\u00e1lise na C\u00e2mara dos Deputados. S\u00e3o dois os tipos de implica\u00e7\u00e3o do que o Planalto faz. A primeira \u00e9 o custo do processo em si. Colocar aliados em postos-chave \u00e9 um procedimento normal. Mas o fato de os ocupantes dos cargos serem trocados em momento de estresse pol\u00edtico, depois de o principal aliado do governo ter anunciado que abandonou a base, enseja preocupa\u00e7\u00f5es quanto \u00e0 trajet\u00f3ria de gastos p\u00fablicos.<\/p>\n<p>&nbsp;<\/p>\n<p>Os novos melhores amigos do poder est\u00e3o \u00e1vidos por minist\u00e9rios, n\u00e3o porque desejam o bem do pa\u00eds, mas para ter inger\u00eancia sobre o dinheiro que est\u00e1 l\u00e1 \u2014 pelo menos, \u00e9 essa a vis\u00e3o que predomina na sociedade e no mercado, seja preconceituosa ou n\u00e3o.<\/p>\n<p>&nbsp;<\/p>\n<p>O Estado atravessa dificuldades menores do que as do pa\u00eds, tanto que o tamanho dos gastos cresce em rela\u00e7\u00e3o ao Produto Interno Bruto (PIB). Ainda h\u00e1, portanto, o que gastar na Esplanada, ainda que o ambiente seja de restri\u00e7\u00e3o.<\/p>\n<p>&nbsp;<\/p>\n<p><b>Piora fiscal<\/b><\/p>\n<p>&nbsp;<\/p>\n<p>A gest\u00e3o fiscal do governo \u00e9 ruim, tanto que, a esta altura do ano, j\u00e1 se espera deficit prim\u00e1rio em torno de 1,5% do PIB. O resultado tende a piorar ainda mais com a distribui\u00e7\u00e3o de cargos. Novos ministros chegam com \u00e2nimo adicional para gastar e um governo que se esfor\u00e7a para n\u00e3o cair tende a ceder. N\u00e3o se est\u00e1 falando de corrup\u00e7\u00e3o, apenas de leni\u00eancia fiscal.<\/p>\n<p>&nbsp;<\/p>\n<p>Tudo isso j\u00e1 acontece, independentemente do sucesso que Dilma ter\u00e1 no processo. Caso ela consiga se firmar no poder, os pre\u00e7os considerados pelo mercado s\u00e3o outros. Em primeiro lugar, porque as amea\u00e7as de o governo cair v\u00e3o continuar, por meio de novo processo de impeachment ou do julgamento do TSE, prolongando a barganha pol\u00edtica.<\/p>\n<p>&nbsp;<\/p>\n<p>Mas crescer\u00e1 tamb\u00e9m a chance de Dilma ficar at\u00e9 2018, algo sempre considerado no cen\u00e1rio. N\u00e3o \u00e9 uma perspectiva que o mercado veja como favor\u00e1vel para reverter a recess\u00e3o porque, embora o governo tenha razo\u00e1vel clareza de que \u00e9 necess\u00e1rio p\u00f4r as contas p\u00fablicas no lugar, eliminando o deficit, n\u00e3o disp\u00f5e hoje de apoio no pr\u00f3prio PT e ainda menos nos outros partidos da base. Da oposi\u00e7\u00e3o, \u00e9 claro, n\u00e3o se pode esperar ajuda. Cunha j\u00e1 avisou que, se Dilma ficar, n\u00e3o conseguir\u00e1 governar. Pode-se interpretar a frase como amea\u00e7a ou como simples constata\u00e7\u00e3o da realidade.<\/p>\n<p>&nbsp;<\/p>\n<p><b>Nas alturas<\/b><\/p>\n<p>&nbsp;<\/p>\n<p>O d\u00f3lar, nesse cen\u00e1rio, alcan\u00e7aria facilmente R$ 5,00 ou mesmo R$ 6,00, avaliam alguns analistas. E a infla\u00e7\u00e3o dificilmente voltaria para o patamar de um d\u00edgito.<\/p>\n<p>&nbsp;<\/p>\n<p>Certamente esse quadro seria revertido caso o governo Dilma conseguisse ser reinaugurado, voltando ao in\u00edcio da era Lula, quando havia clareza de metas e capacidade de atingi-las. Mas \u00e9 quase imposs\u00edvel que isso ocorra. N\u00e3o \u00e9 f\u00e1cil sequer acreditar que os governistas, ou mesmo a presidente da Rep\u00fablica, vejam a situa\u00e7\u00e3o de continuidade como algo confort\u00e1vel.<\/p>\n<p>&nbsp;<\/p>\n<p><i>Bras\u00edlia, 13h29min<\/i><\/p>\n","protected":false},"excerpt":{"rendered":"<p>POR PAULO SILVA PINTO &nbsp; Nada mais leg\u00edtimo do que um governante lutar para permanecer no cargo pelas vias legais. Tamb\u00e9m \u00e9 absolutamente justo que bancos, empresas de consultoria, operadores de mesas de c\u00e2mbio e outros atores da sociedade fa\u00e7am avalia\u00e7\u00f5es sobre as consequ\u00eancias desses esfor\u00e7os. &nbsp; A semana foi, predominantemente, de derrota para o [&hellip;]<\/p>\n","protected":false},"author":22,"featured_media":0,"comment_status":"open","ping_status":"closed","sticky":false,"template":"","format":"standard","meta":{"wpb_read_more":[],"footnotes":""},"categories":[1],"tags":[],"class_list":["post-697","post","type-post","status-publish","format-standard","hentry","category-sem-categoria"],"_links":{"self":[{"href":"https:\/\/blogs2.correiobraziliense.com.br\/vicente\/wp-json\/wp\/v2\/posts\/697","targetHints":{"allow":["GET"]}}],"collection":[{"href":"https:\/\/blogs2.correiobraziliense.com.br\/vicente\/wp-json\/wp\/v2\/posts"}],"about":[{"href":"https:\/\/blogs2.correiobraziliense.com.br\/vicente\/wp-json\/wp\/v2\/types\/post"}],"author":[{"embeddable":true,"href":"https:\/\/blogs2.correiobraziliense.com.br\/vicente\/wp-json\/wp\/v2\/users\/22"}],"replies":[{"embeddable":true,"href":"https:\/\/blogs2.correiobraziliense.com.br\/vicente\/wp-json\/wp\/v2\/comments?post=697"}],"version-history":[{"count":1,"href":"https:\/\/blogs2.correiobraziliense.com.br\/vicente\/wp-json\/wp\/v2\/posts\/697\/revisions"}],"predecessor-version":[{"id":698,"href":"https:\/\/blogs2.correiobraziliense.com.br\/vicente\/wp-json\/wp\/v2\/posts\/697\/revisions\/698"}],"wp:attachment":[{"href":"https:\/\/blogs2.correiobraziliense.com.br\/vicente\/wp-json\/wp\/v2\/media?parent=697"}],"wp:term":[{"taxonomy":"category","embeddable":true,"href":"https:\/\/blogs2.correiobraziliense.com.br\/vicente\/wp-json\/wp\/v2\/categories?post=697"},{"taxonomy":"post_tag","embeddable":true,"href":"https:\/\/blogs2.correiobraziliense.com.br\/vicente\/wp-json\/wp\/v2\/tags?post=697"}],"curies":[{"name":"wp","href":"https:\/\/api.w.org\/{rel}","templated":true}]}}