{"id":699,"date":"2016-04-03T08:12:17","date_gmt":"2016-04-03T11:12:17","guid":{"rendered":"https:\/\/blogs2.correiobraziliense.com.br\/vicente\/?p=699"},"modified":"2016-04-03T23:30:10","modified_gmt":"2016-04-04T02:30:10","slug":"plano-de-saude-deve-subir-ate-15-partir-de-maio","status":"publish","type":"post","link":"https:\/\/blogs2.correiobraziliense.com.br\/vicente\/plano-de-saude-deve-subir-ate-15-partir-de-maio\/","title":{"rendered":"PLANO DE SA\u00daDE DEVE SUBIR AT\u00c9 15% A PARTIR DE MAIO"},"content":{"rendered":"<p>POR RODOLFO COSTA E ISABELLA ALVIM<\/p>\n<p>&nbsp;<\/p>\n<p>Os consumidores devem preparar o bolso para os gastos com sa\u00fade neste ano. Com a disparada dos pre\u00e7os desde 2015, economistas n\u00e3o t\u00eam d\u00favidas de que o reajuste dos conv\u00eanios individuais e familiares ficar\u00e1 acima dos dois d\u00edgitos em 2016. A Tend\u00eancias Consultoria prev\u00ea um aumento de 10,3% e alguns analistas n\u00e3o descartam uma corre\u00e7\u00e3o acima da autorizada pela Ag\u00eancia Nacional de Sa\u00fade Suplementar (ANS) em 2015, de 13,55%, podendo chegar a 15%. O percentual de aumento ser\u00e1 definido em maio e passa a vigorar a partir de junho, de acordo com o anivers\u00e1rio do contrato do conveniado.<\/p>\n<p>&nbsp;<\/p>\n<p>M\u00e1rcio Milan, analista de Infla\u00e7\u00e3o da Tend\u00eancias, projeta com base no reajuste incorporando a carestia em 12 meses, j\u00e1 que os par\u00e2metros da ANS s\u00e3o pouco transparentes para operadoras com mais de 30 conveniados. \u201c\u00c9 dif\u00edcil pensar que o aumento ser\u00e1 abaixo dos dois d\u00edgitos. O pr\u00f3prio ajuste de medicamentos corrobora isso\u201d, avalia. Em 1\u00ba de abril, o governo federal ajustou os pre\u00e7os dos produtos farmac\u00eauticos em 12,5%.<\/p>\n<p>&nbsp;<\/p>\n<p>No caso dos medicamentos, a composi\u00e7\u00e3o do \u00edndice buscou compensar a infla\u00e7\u00e3o e o aumento de custos causados pela alta do d\u00f3lar e aumentos nas despesas com energia el\u00e9trica. A l\u00f3gica do reajuste dos planos de sa\u00fade \u00e9 muito semelhante e n\u00e3o foge \u00e0 regra. Boa parte dos medicamentos, insumos e equipamentos s\u00e3o comprados em moeda estrangeira e isso influenciar\u00e1 no aumento permitido \u00e0s operadoras.<\/p>\n<p>&nbsp;<\/p>\n<p>Em 2015, o d\u00f3lar subiu 48,49% em rela\u00e7\u00e3o ao real. E, por mais que a divisa esteja em desacelera\u00e7\u00e3o, esse movimento apenas ameniza a press\u00e3o de custos. Como hospitais e cl\u00ednicas est\u00e3o sempre incorporando novas tecnologias e repondo equipamentos, uma abrupta desvaloriza\u00e7\u00e3o do real leva empresas e m\u00e9dicos a repassarem parte dos custos para a matriz de pre\u00e7os. Sejam exames, procedimentos cir\u00fargicos ou consultas.<\/p>\n<p>&nbsp;<\/p>\n<p>A ANS informou que o \u00edndice de reajuste para os planos individuais do per\u00edodo entre maio de 2016 a abril de 2017 est\u00e1 em apura\u00e7\u00e3o, n\u00e3o sendo poss\u00edvel antecipar qualquer informa\u00e7\u00e3o a respeito. A autarquia refor\u00e7ou que o aumento autorizado aos planos individuais e familiares \u00e9 um percentual m\u00e1ximo. \u201cAs operadoras n\u00e3o podem aplicar um percentual mais alto do que o autorizado, mas s\u00e3o livres para adotar \u00edndices inferiores ao divulgado pela ag\u00eancia, ou mesmo manter suas mensalidades sem reajuste\u201d, ressalta.<\/p>\n<p>&nbsp;<\/p>\n<p><b>Carestia<\/b><\/p>\n<p>&nbsp;<\/p>\n<p>A Tend\u00eancias projeta 0,40% para a infla\u00e7\u00e3o de junho, prevendo que o aumento dos planos individuais seja aplicado pela ANS nesse per\u00edodo. Se o ajuste for de 10,3%, como prev\u00ea Milan, a contribui\u00e7\u00e3o dos gastos com plano de sa\u00fade na carestia ser\u00e1 de 0,33 ponto percentual. Essa parcela, no entanto, pode ser superior, de 0,5 ponto percentual, se o aumento dos contratos for de 15%, calcula o economista-s\u00eanior da Confedera\u00e7\u00e3o Nacional do Com\u00e9rcio de Bens, Servi\u00e7os e Turismo (CNC), Fabio Bentes.<\/p>\n<p>&nbsp;<\/p>\n<p>\u201cDiante do atual cen\u00e1rio de gastos com sa\u00fade no pa\u00eds e da press\u00e3o do d\u00f3lar, n\u00e3o tem como esperar um reajuste pequeno. Se chega aos 15%, n\u00e3o sei. Mas um reajuste desse patamar \u00e9 algo que n\u00e3o pode ser descartado\u201d, avalia Bentes. \u201cH\u00e1 mais de uma d\u00e9cada os gastos com plano de sa\u00fade sobem acima do custo de vida m\u00e9dio. E n\u00e3o foram poucas as vezes em que o aumento aplicado pela ANS veio alinhado com a infla\u00e7\u00e3o de conv\u00eanios nos 12 meses encerrados em abril\u201d, acrescenta.<\/p>\n<p>&nbsp;<\/p>\n<p>Independentemente do n\u00edvel do ajuste, o reajuste ser\u00e1 fulminante para o or\u00e7amento das fam\u00edlias, cada vez mais pressionado. \u201cO peso da mensalidade do conv\u00eanio na cesta de consumo do brasileiro est\u00e1 em ascens\u00e3o, principalmente por conta do aumento do custo m\u00e9dico-hospitalar em n\u00edveis mais elevados do que os da renda da popula\u00e7\u00e3o\u201d, analisa a Associa\u00e7\u00e3o Brasileira de Planos de Sa\u00fade (Abramge).<\/p>\n<p>&nbsp;<\/p>\n<p>De acordo com a entidade, entre janeiro e setembro de 2015, a mensalidade m\u00e9dia dos contratos ficou avaliada em R$ 231. No ano, o rendimento m\u00e9dio real dos trabalhadores foi de R$ 1.944, de acordo com o Instituto Brasileiro de Geografia e Estat\u00edstica (IBGE). Isso significa que, em m\u00e9dia, um plano de sa\u00fade correspondeu por cerca de 12% do sal\u00e1rio. E essa propor\u00e7\u00e3o tende a aumentar em 2016, com o aprofundamento da recess\u00e3o, avaliam analistas.<\/p>\n<p>&nbsp;<\/p>\n<p>Seja por causa do desemprego ou pela falta de condi\u00e7\u00f5es financeiras, muitos consumidores est\u00e3o deixando de ter plano de sa\u00fade. Em dezembro, o mercado perdeu cerca de 766 mil benefici\u00e1rios, a primeira queda registrada pela ANS na compara\u00e7\u00e3o com o ano anterior. O aumento de custos foi um problema para o publicit\u00e1rio Raion Almeida, 24 anos, que trocou de plano recentemente.<\/p>\n<p>&nbsp;<\/p>\n<p>O conv\u00eanio, que custava R$ 360, foi reajustado em 11%. Para n\u00e3o ficar sem o benef\u00edcio, ele negociou outro com a mesma operadora, reduzindo, ent\u00e3o, o valor para R$ 270. \u201cEra um gasto muito alto e, como eu pago sozinho e n\u00e3o usava todos os benef\u00edcios, achei que ficou mais caro do que eu realmente precisava. Para baratear, meu plano atual n\u00e3o atende em todo o Brasil, s\u00f3 no Centro-Oeste\u201d, conta.<\/p>\n<p>&nbsp;<\/p>\n<p><b>Adapta\u00e7\u00e3o<\/b><\/p>\n<p>&nbsp;<\/p>\n<p>A Federa\u00e7\u00e3o Nacional de Sa\u00fade Suplementar (FenaSa\u00fade) prev\u00ea que o cen\u00e1rio macroecon\u00f4mico deve afetar mais intensamente a sa\u00fade privada neste ano, mas espera que o segmento se adapte \u00e0s condi\u00e7\u00f5es de mercado, por meio de a\u00e7\u00f5es de fideliza\u00e7\u00e3o dos consumidores, gest\u00e3o eficiente dos custos e transpar\u00eancia que evidencie os investimentos feitos pelas empresas em servi\u00e7os de qualidade. Em 2015, de acordo com a entidade, as operadoras tiveram que injetar recursos pr\u00f3prios para cobrir gastos acima das receitas, de R$ 400 milh\u00f5es.<\/p>\n","protected":false},"excerpt":{"rendered":"<p>POR RODOLFO COSTA E ISABELLA ALVIM &nbsp; Os consumidores devem preparar o bolso para os gastos com sa\u00fade neste ano. Com a disparada dos pre\u00e7os desde 2015, economistas n\u00e3o t\u00eam d\u00favidas de que o reajuste dos conv\u00eanios individuais e familiares ficar\u00e1 acima dos dois d\u00edgitos em 2016. A Tend\u00eancias Consultoria prev\u00ea um aumento de 10,3% [&hellip;]<\/p>\n","protected":false},"author":22,"featured_media":0,"comment_status":"open","ping_status":"closed","sticky":false,"template":"","format":"standard","meta":{"wpb_read_more":[],"footnotes":""},"categories":[1],"tags":[],"class_list":["post-699","post","type-post","status-publish","format-standard","hentry","category-sem-categoria"],"_links":{"self":[{"href":"https:\/\/blogs2.correiobraziliense.com.br\/vicente\/wp-json\/wp\/v2\/posts\/699","targetHints":{"allow":["GET"]}}],"collection":[{"href":"https:\/\/blogs2.correiobraziliense.com.br\/vicente\/wp-json\/wp\/v2\/posts"}],"about":[{"href":"https:\/\/blogs2.correiobraziliense.com.br\/vicente\/wp-json\/wp\/v2\/types\/post"}],"author":[{"embeddable":true,"href":"https:\/\/blogs2.correiobraziliense.com.br\/vicente\/wp-json\/wp\/v2\/users\/22"}],"replies":[{"embeddable":true,"href":"https:\/\/blogs2.correiobraziliense.com.br\/vicente\/wp-json\/wp\/v2\/comments?post=699"}],"version-history":[{"count":2,"href":"https:\/\/blogs2.correiobraziliense.com.br\/vicente\/wp-json\/wp\/v2\/posts\/699\/revisions"}],"predecessor-version":[{"id":704,"href":"https:\/\/blogs2.correiobraziliense.com.br\/vicente\/wp-json\/wp\/v2\/posts\/699\/revisions\/704"}],"wp:attachment":[{"href":"https:\/\/blogs2.correiobraziliense.com.br\/vicente\/wp-json\/wp\/v2\/media?parent=699"}],"wp:term":[{"taxonomy":"category","embeddable":true,"href":"https:\/\/blogs2.correiobraziliense.com.br\/vicente\/wp-json\/wp\/v2\/categories?post=699"},{"taxonomy":"post_tag","embeddable":true,"href":"https:\/\/blogs2.correiobraziliense.com.br\/vicente\/wp-json\/wp\/v2\/tags?post=699"}],"curies":[{"name":"wp","href":"https:\/\/api.w.org\/{rel}","templated":true}]}}