{"id":701,"date":"2016-04-03T10:16:00","date_gmt":"2016-04-03T13:16:00","guid":{"rendered":"https:\/\/blogs2.correiobraziliense.com.br\/vicente\/?p=701"},"modified":"2016-04-03T19:30:18","modified_gmt":"2016-04-03T22:30:18","slug":"701-2","status":"publish","type":"post","link":"https:\/\/blogs2.correiobraziliense.com.br\/vicente\/701-2\/","title":{"rendered":"APOSENTADOS DEVEM QUASE R$ 90 BI AOS BANCOS"},"content":{"rendered":"<p>POR ANTONIO TEM\u00d3TEO E MARLLA SABINO<\/p>\n<p>&nbsp;<\/p>\n<p>Conquistar a t\u00e3o sonhada aposentadoria n\u00e3o garante vida tranquila a milhares de brasileiros. A falta de planejamento e, muitas vezes, de conhecimento, al\u00e9m da carestia, impediu que poupassem na idade ativa para custear o aumento de gastos na velhice. A queda na renda ap\u00f3s o requerimento do benef\u00edcio do Instituto Nacional do Seguro Social (INSS) faz com que precisem recorrer a empr\u00e9stimos para fazer frente \u00e0s despesas com rem\u00e9dios, planos de sa\u00fade e at\u00e9 mesmo para pagar despesas b\u00e1sicas. E o que \u00e9 pior, em meio \u00e0 crise econ\u00f4mica e ao desemprego crescente, alguns idosos passaram a sustentar a fam\u00edlia.<\/p>\n<p>&nbsp;<\/p>\n<p>Essa realidade fica clara quando s\u00e3o analisados os indicadores de cr\u00e9dito. Apesar de os dados do Banco Central (BC) apontarem que o estoque de financiamentos est\u00e1 em forte desacelera\u00e7\u00e3o \u2014 nos \u00faltimos 12 meses encerrados em fevereiro, houve crescimento de apenas 5,3% e, somente no primeiro bimestre, encolheu 1,1% \u2014 o consignado para aposentados e pensionistas do INSS mant\u00e9m expans\u00e3o na casa de dois d\u00edgitos. Entre mar\u00e7o de 2015 e fevereiro deste ano, acumulou alta de 12,4%. Nesse per\u00edodo, o total de empr\u00e9stimos passou de R$ 81,2 bilh\u00f5es para R$ 89,6 bilh\u00f5es. Apenas em janeiro e fevereiro, a eleva\u00e7\u00e3o foi de 4,3%.<\/p>\n<p>&nbsp;<\/p>\n<p>O aposentado Francisco Martins Ferreira, 75 anos, recorreu ao consignado para reduzir o gasto com juros do cheque especial, que em fevereiro chegou a 293,9% ao ano. Ele admite que n\u00e3o \u00e9 organizado financeiramente, nem mesmo a renda extra que recebe com o aluguel de um im\u00f3vel tem sido suficiente para custear todas as despesas. \u201cAvancei o sinal e fiz muitas d\u00edvidas, prefiro dever o consignado, que tem parcelas mais baratas. Com a crise, reduzi o aluguel em 15% para manter a renda. O custo de vida est\u00e1 muito alto e os gastos s\u00f3 aumentaram nos \u00faltimos anos\u201d, conta.<\/p>\n<p>&nbsp;<\/p>\n<p><b>Cuidados<\/b><\/p>\n<p>&nbsp;<\/p>\n<p>Os especialistas advertem para o perigo de parte significativa da aposentadoria acabar destinada ao pagamento de parcelas de consignado. Al\u00e9m disso, \u00e9 preciso que os benefici\u00e1rios do INSS fiquem atentos aos limites legais para contrata\u00e7\u00e3o do cr\u00e9dito, definidos pelo Conselho Nacional de Previd\u00eancia Social (CNPS).<\/p>\n<p>&nbsp;<\/p>\n<p>Os juros mensais n\u00e3o devem ultrapassar 2,34% no empr\u00e9stimo e 3,36% nas opera\u00e7\u00f5es realizadas por meio de cart\u00f5es de cr\u00e9dito. O financiamento pode ser contratado em, no m\u00e1ximo, 72 parcelas, sem comprometer mais do que 35% da renda. Anteriormente, o m\u00e1ximo chegava a 30%, mas o adicional deve ser usado, exclusivamente, para o pagamento de despesas com cart\u00e3o de cr\u00e9dito.<\/p>\n<p>&nbsp;<\/p>\n<p>O economista Ricardo Rocha, professor do Insper, explica que, diante da crise econ\u00f4mica, a renda dos mais velhos acaba por segurar o or\u00e7amento familiar. \u201cO desemprego tem levado filhos e netos a apelarem aos av\u00f3s para manter em dia a mensalidade da escola ou a presta\u00e7\u00e3o do carro ou da casa pr\u00f3pria, muitas vezes por meio de empr\u00e9stimos consignados\u201d. Ele alerta, no entanto, que tomar financiamentos para terceiros \u00e9 arriscado, sobretudo para quem n\u00e3o tem fonte de renda. \u201cEmbora o envolvimento emocional possa justificar a decis\u00e3o do aposentado, as vezes, negar \u00e9 a melhor escolha para evitar um problema futuro\u201d, afirma.<\/p>\n<p>&nbsp;<\/p>\n<p>Na avalia\u00e7\u00e3o de Maria In\u00eas Dolci, coordenadora institucional da Proteste, os idosos n\u00e3o devem comprometer parte significativa da renda com consignados porque as despesas aumentam com a velhice. Ela destaca que as opera\u00e7\u00f5es s\u00f3 devem ser contratadas em extrema necessidade e sem ultrapassar os limites de renda definidos por lei.<\/p>\n<p>&nbsp;<\/p>\n<p><b>Riscos<\/b><\/p>\n<p>&nbsp;<\/p>\n<p>Com o aumento do risco de inadimpl\u00eancia diante da alta do desemprego, as institui\u00e7\u00f5es financeiras t\u00eam sido mais seletivas na hora de aprovar os pedidos de financiamento. A exce\u00e7\u00e3o \u00e9 para consignado de servidores e benefici\u00e1rios do INSS, p\u00fablico que tem renda garantida.<\/p>\n<p>&nbsp;<\/p>\n<p>A planejadora financeira e professora da Funda\u00e7\u00e3o Getulio Vargas (FGV), Myrian Lund, explica que a redu\u00e7\u00e3o da oferta de cr\u00e9dito para trabalhadores do setor privado direcionou a aten\u00e7\u00e3o dos bancos para esse p\u00fablico, mas alerta que aposentados e pensionistas da Previd\u00eancia Social devem resistir ao ass\u00e9dio dos bancos.<\/p>\n<p>&nbsp;<\/p>\n<p>O aposentado Ant\u00f4nio dos Anjos, 76, conta que sempre recebe liga\u00e7\u00f5es de institui\u00e7\u00f5es financeiras oferecendo opera\u00e7\u00f5es com desconto em folha de pagamento. \u201cTenho dito reiteradas vezes que n\u00e3o estou interessado. Prefiro fazer compras \u00e0 vista e, se o valor \u00e9 maior, prefiro economizar at\u00e9 ter condi\u00e7\u00f5es de pagar de uma vez s\u00f3\u201d, afirma.<\/p>\n<p>&nbsp;<\/p>\n<p>J\u00e1 o aposentado Ant\u00f4nio Alves Azevedo, 74, conta que pagar\u00e1 por alguns anos os empr\u00e9stimos tomados assim que parou de trabalhar. \u201c\u00c9 assim, a gente faz uma d\u00edvida para pagar outras\u201d, justifica. Ele comenta que o custo de vida aumentou significativamente desde que passou a receber o benef\u00edcio do INSS. \u201cO dinheiro s\u00f3 d\u00e1 pra comer. Nunca pensei que chegaria a esse ponto\u201d, reclama.<\/p>\n<p>&nbsp;<\/p>\n<p>Na contram\u00e3o de boa parte dos benefici\u00e1rios do INSS, o aposentado Valmir Silveiro, 57, se preparou para evitar problemas financeiros durante a velhice. Sempre guardou parte do sal\u00e1rio na poupan\u00e7a para n\u00e3o precisar recorrer a financiamentos depois que parasse de tralhar. \u201cTem que se preparar para se aposentar. \u00c9 uma diferen\u00e7a grande no sal\u00e1rio\u201d, afirma. Ele diz que a renda encolheu R$ 4 mil. \u201c\u00c9 melhor fazer o sacrif\u00edcio de poupar um pouco todo m\u00eas\u201d, sugere.<\/p>\n","protected":false},"excerpt":{"rendered":"<p>POR ANTONIO TEM\u00d3TEO E MARLLA SABINO &nbsp; Conquistar a t\u00e3o sonhada aposentadoria n\u00e3o garante vida tranquila a milhares de brasileiros. A falta de planejamento e, muitas vezes, de conhecimento, al\u00e9m da carestia, impediu que poupassem na idade ativa para custear o aumento de gastos na velhice. A queda na renda ap\u00f3s o requerimento do benef\u00edcio [&hellip;]<\/p>\n","protected":false},"author":22,"featured_media":0,"comment_status":"open","ping_status":"closed","sticky":false,"template":"","format":"standard","meta":{"wpb_read_more":[],"footnotes":""},"categories":[1],"tags":[],"class_list":["post-701","post","type-post","status-publish","format-standard","hentry","category-sem-categoria"],"_links":{"self":[{"href":"https:\/\/blogs2.correiobraziliense.com.br\/vicente\/wp-json\/wp\/v2\/posts\/701","targetHints":{"allow":["GET"]}}],"collection":[{"href":"https:\/\/blogs2.correiobraziliense.com.br\/vicente\/wp-json\/wp\/v2\/posts"}],"about":[{"href":"https:\/\/blogs2.correiobraziliense.com.br\/vicente\/wp-json\/wp\/v2\/types\/post"}],"author":[{"embeddable":true,"href":"https:\/\/blogs2.correiobraziliense.com.br\/vicente\/wp-json\/wp\/v2\/users\/22"}],"replies":[{"embeddable":true,"href":"https:\/\/blogs2.correiobraziliense.com.br\/vicente\/wp-json\/wp\/v2\/comments?post=701"}],"version-history":[{"count":2,"href":"https:\/\/blogs2.correiobraziliense.com.br\/vicente\/wp-json\/wp\/v2\/posts\/701\/revisions"}],"predecessor-version":[{"id":703,"href":"https:\/\/blogs2.correiobraziliense.com.br\/vicente\/wp-json\/wp\/v2\/posts\/701\/revisions\/703"}],"wp:attachment":[{"href":"https:\/\/blogs2.correiobraziliense.com.br\/vicente\/wp-json\/wp\/v2\/media?parent=701"}],"wp:term":[{"taxonomy":"category","embeddable":true,"href":"https:\/\/blogs2.correiobraziliense.com.br\/vicente\/wp-json\/wp\/v2\/categories?post=701"},{"taxonomy":"post_tag","embeddable":true,"href":"https:\/\/blogs2.correiobraziliense.com.br\/vicente\/wp-json\/wp\/v2\/tags?post=701"}],"curies":[{"name":"wp","href":"https:\/\/api.w.org\/{rel}","templated":true}]}}