{"id":713,"date":"2016-04-05T17:04:48","date_gmt":"2016-04-05T20:04:48","guid":{"rendered":"https:\/\/blogs2.correiobraziliense.com.br\/vicente\/?p=713"},"modified":"2016-04-05T17:04:48","modified_gmt":"2016-04-05T20:04:48","slug":"o-que-funcef-tem-esconder","status":"publish","type":"post","link":"https:\/\/blogs2.correiobraziliense.com.br\/vicente\/o-que-funcef-tem-esconder\/","title":{"rendered":"O QUE A FUNCEF TEM A ESCONDER?"},"content":{"rendered":"<p>S\u00e9rgio Mendon\u00e7a assume nesta quarta-feira a presid\u00eancia da Funcef, o fundo de pens\u00e3o dos empregados da Caixa Econ\u00f4mica Federal. A posse, por\u00e9m, ser\u00e1 fechada \u00e0 imprensa, restrita a um grupo longe de causar constrangimento.<\/p>\n<p>&nbsp;<\/p>\n<p>A Funcef \u00e9 o terceiro maior fundo de pens\u00e3o do pa\u00eds, com patrim\u00f4nio de R$ 54 bilh\u00f5es e quase 137 mil participantes. A funda\u00e7\u00e3o acumula rombo de R$ 13,2 bilh\u00f5es, devido a neg\u00f3cios bastantes question\u00e1veis, como a participa\u00e7\u00e3o na quebrada Sete Brasil, que est\u00e1 sendo investigada por corrup\u00e7\u00e3o dentro da Opera\u00e7\u00e3o Lava-Jato.<\/p>\n<p>&nbsp;<\/p>\n<p>Mendon\u00e7a \u00e9 homem de confian\u00e7a da presidente da Caixa Econ\u00f4mica Federal, Miriam Belchior, que demitiu Carlos Alberto Caser diante dos p\u00e9ssimos resultados do fundo.<\/p>\n<p>&nbsp;<\/p>\n<p><em>Bras\u00edlia, 17h03min<\/em><\/p>\n","protected":false},"excerpt":{"rendered":"<p>S\u00e9rgio Mendon\u00e7a assume nesta quarta-feira a presid\u00eancia da Funcef, o fundo de pens\u00e3o dos empregados da Caixa Econ\u00f4mica Federal. A posse, por\u00e9m, ser\u00e1 fechada \u00e0 imprensa, restrita a um grupo longe de causar constrangimento. &nbsp; A Funcef \u00e9 o terceiro maior fundo de pens\u00e3o do pa\u00eds, com patrim\u00f4nio de R$ 54 bilh\u00f5es e quase 137 [&hellip;]<\/p>\n","protected":false},"author":22,"featured_media":0,"comment_status":"open","ping_status":"closed","sticky":false,"template":"","format":"standard","meta":{"wpb_read_more":[],"footnotes":""},"categories":[1],"tags":[],"class_list":["post-713","post","type-post","status-publish","format-standard","hentry","category-sem-categoria"],"_links":{"self":[{"href":"https:\/\/blogs2.correiobraziliense.com.br\/vicente\/wp-json\/wp\/v2\/posts\/713","targetHints":{"allow":["GET"]}}],"collection":[{"href":"https:\/\/blogs2.correiobraziliense.com.br\/vicente\/wp-json\/wp\/v2\/posts"}],"about":[{"href":"https:\/\/blogs2.correiobraziliense.com.br\/vicente\/wp-json\/wp\/v2\/types\/post"}],"author":[{"embeddable":true,"href":"https:\/\/blogs2.correiobraziliense.com.br\/vicente\/wp-json\/wp\/v2\/users\/22"}],"replies":[{"embeddable":true,"href":"https:\/\/blogs2.correiobraziliense.com.br\/vicente\/wp-json\/wp\/v2\/comments?post=713"}],"version-history":[{"count":1,"href":"https:\/\/blogs2.correiobraziliense.com.br\/vicente\/wp-json\/wp\/v2\/posts\/713\/revisions"}],"predecessor-version":[{"id":714,"href":"https:\/\/blogs2.correiobraziliense.com.br\/vicente\/wp-json\/wp\/v2\/posts\/713\/revisions\/714"}],"wp:attachment":[{"href":"https:\/\/blogs2.correiobraziliense.com.br\/vicente\/wp-json\/wp\/v2\/media?parent=713"}],"wp:term":[{"taxonomy":"category","embeddable":true,"href":"https:\/\/blogs2.correiobraziliense.com.br\/vicente\/wp-json\/wp\/v2\/categories?post=713"},{"taxonomy":"post_tag","embeddable":true,"href":"https:\/\/blogs2.correiobraziliense.com.br\/vicente\/wp-json\/wp\/v2\/tags?post=713"}],"curies":[{"name":"wp","href":"https:\/\/api.w.org\/{rel}","templated":true}]}}