{"id":717,"date":"2016-04-06T04:21:38","date_gmt":"2016-04-06T07:21:38","guid":{"rendered":"https:\/\/blogs2.correiobraziliense.com.br\/vicente\/?p=717"},"modified":"2016-04-06T07:23:12","modified_gmt":"2016-04-06T10:23:12","slug":"cna-apoia-impeachment","status":"publish","type":"post","link":"https:\/\/blogs2.correiobraziliense.com.br\/vicente\/cna-apoia-impeachment\/","title":{"rendered":"CNA APOIA IMPEACHMENT"},"content":{"rendered":"<p>\u00bb A Confedera\u00e7\u00e3o Nacional da Agricultura (CNA) anuncia hoje apoio ao impeachment. Para o presidente da entidade, Jo\u00e3o Martins, n\u00e3o h\u00e1 como o setor apoiar um governo que quebrou o pa\u00eds. Ser\u00e1 o rompimento da CNA com a ministra da Agricultura, K\u00e1tia Abreu, que comandou a entidade, mas \u00e9 fiel escudeira de Dilma Rousseff.<\/p>\n","protected":false},"excerpt":{"rendered":"<p>\u00bb A Confedera\u00e7\u00e3o Nacional da Agricultura (CNA) anuncia hoje apoio ao impeachment. Para o presidente da entidade, Jo\u00e3o Martins, n\u00e3o h\u00e1 como o setor apoiar um governo que quebrou o pa\u00eds. Ser\u00e1 o rompimento da CNA com a ministra da Agricultura, K\u00e1tia Abreu, que comandou a entidade, mas \u00e9 fiel escudeira de Dilma Rousseff.<\/p>\n","protected":false},"author":22,"featured_media":0,"comment_status":"open","ping_status":"closed","sticky":false,"template":"","format":"standard","meta":{"wpb_read_more":[],"footnotes":""},"categories":[1],"tags":[],"class_list":["post-717","post","type-post","status-publish","format-standard","hentry","category-sem-categoria"],"_links":{"self":[{"href":"https:\/\/blogs2.correiobraziliense.com.br\/vicente\/wp-json\/wp\/v2\/posts\/717","targetHints":{"allow":["GET"]}}],"collection":[{"href":"https:\/\/blogs2.correiobraziliense.com.br\/vicente\/wp-json\/wp\/v2\/posts"}],"about":[{"href":"https:\/\/blogs2.correiobraziliense.com.br\/vicente\/wp-json\/wp\/v2\/types\/post"}],"author":[{"embeddable":true,"href":"https:\/\/blogs2.correiobraziliense.com.br\/vicente\/wp-json\/wp\/v2\/users\/22"}],"replies":[{"embeddable":true,"href":"https:\/\/blogs2.correiobraziliense.com.br\/vicente\/wp-json\/wp\/v2\/comments?post=717"}],"version-history":[{"count":1,"href":"https:\/\/blogs2.correiobraziliense.com.br\/vicente\/wp-json\/wp\/v2\/posts\/717\/revisions"}],"predecessor-version":[{"id":718,"href":"https:\/\/blogs2.correiobraziliense.com.br\/vicente\/wp-json\/wp\/v2\/posts\/717\/revisions\/718"}],"wp:attachment":[{"href":"https:\/\/blogs2.correiobraziliense.com.br\/vicente\/wp-json\/wp\/v2\/media?parent=717"}],"wp:term":[{"taxonomy":"category","embeddable":true,"href":"https:\/\/blogs2.correiobraziliense.com.br\/vicente\/wp-json\/wp\/v2\/categories?post=717"},{"taxonomy":"post_tag","embeddable":true,"href":"https:\/\/blogs2.correiobraziliense.com.br\/vicente\/wp-json\/wp\/v2\/tags?post=717"}],"curies":[{"name":"wp","href":"https:\/\/api.w.org\/{rel}","templated":true}]}}