{"id":719,"date":"2016-04-06T05:05:48","date_gmt":"2016-04-06T08:05:48","guid":{"rendered":"https:\/\/blogs2.correiobraziliense.com.br\/vicente\/?p=719"},"modified":"2016-04-06T10:07:08","modified_gmt":"2016-04-06T13:07:08","slug":"da-boca-para-fora","status":"publish","type":"post","link":"https:\/\/blogs2.correiobraziliense.com.br\/vicente\/da-boca-para-fora\/","title":{"rendered":"DA BOCA PARA FORA"},"content":{"rendered":"<p>\u00bb A proposta de se fazer elei\u00e7\u00f5es gerais em outubro \u00e9 excelente. Mas acreditar que ela possa ser colocada em pr\u00e1tica \u00e9 inoc\u00eancia. Pol\u00edtico brasileiro n\u00e3o larga o osso nem quando \u00e9 pego roubando.<\/p>\n","protected":false},"excerpt":{"rendered":"<p>\u00bb A proposta de se fazer elei\u00e7\u00f5es gerais em outubro \u00e9 excelente. Mas acreditar que ela possa ser colocada em pr\u00e1tica \u00e9 inoc\u00eancia. Pol\u00edtico brasileiro n\u00e3o larga o osso nem quando \u00e9 pego roubando.<\/p>\n","protected":false},"author":22,"featured_media":0,"comment_status":"open","ping_status":"closed","sticky":false,"template":"","format":"standard","meta":{"wpb_read_more":[],"footnotes":""},"categories":[1],"tags":[],"class_list":["post-719","post","type-post","status-publish","format-standard","hentry","category-sem-categoria"],"_links":{"self":[{"href":"https:\/\/blogs2.correiobraziliense.com.br\/vicente\/wp-json\/wp\/v2\/posts\/719","targetHints":{"allow":["GET"]}}],"collection":[{"href":"https:\/\/blogs2.correiobraziliense.com.br\/vicente\/wp-json\/wp\/v2\/posts"}],"about":[{"href":"https:\/\/blogs2.correiobraziliense.com.br\/vicente\/wp-json\/wp\/v2\/types\/post"}],"author":[{"embeddable":true,"href":"https:\/\/blogs2.correiobraziliense.com.br\/vicente\/wp-json\/wp\/v2\/users\/22"}],"replies":[{"embeddable":true,"href":"https:\/\/blogs2.correiobraziliense.com.br\/vicente\/wp-json\/wp\/v2\/comments?post=719"}],"version-history":[{"count":1,"href":"https:\/\/blogs2.correiobraziliense.com.br\/vicente\/wp-json\/wp\/v2\/posts\/719\/revisions"}],"predecessor-version":[{"id":720,"href":"https:\/\/blogs2.correiobraziliense.com.br\/vicente\/wp-json\/wp\/v2\/posts\/719\/revisions\/720"}],"wp:attachment":[{"href":"https:\/\/blogs2.correiobraziliense.com.br\/vicente\/wp-json\/wp\/v2\/media?parent=719"}],"wp:term":[{"taxonomy":"category","embeddable":true,"href":"https:\/\/blogs2.correiobraziliense.com.br\/vicente\/wp-json\/wp\/v2\/categories?post=719"},{"taxonomy":"post_tag","embeddable":true,"href":"https:\/\/blogs2.correiobraziliense.com.br\/vicente\/wp-json\/wp\/v2\/tags?post=719"}],"curies":[{"name":"wp","href":"https:\/\/api.w.org\/{rel}","templated":true}]}}