{"id":729,"date":"2016-04-07T07:06:03","date_gmt":"2016-04-07T10:06:03","guid":{"rendered":"https:\/\/blogs2.correiobraziliense.com.br\/vicente\/?p=729"},"modified":"2016-04-07T07:06:03","modified_gmt":"2016-04-07T10:06:03","slug":"presidente-do-desemprego","status":"publish","type":"post","link":"https:\/\/blogs2.correiobraziliense.com.br\/vicente\/presidente-do-desemprego\/","title":{"rendered":"A PRESIDENTE DO DESEMPREGO"},"content":{"rendered":"<p>A presidente Dilma Rousseff costuma bater no peito para alardear seu compromisso com a prote\u00e7\u00e3o dos empregos no pa\u00eds. Vangloria-se de ostentar \u00edndices de desocupa\u00e7\u00e3o menores do que os de governos tucanos. A petista se esquece de dizer, por\u00e9m, que nenhum outro governante conseguiu destruir o mercado de trabalho em t\u00e3o curto espa\u00e7o de tempo como ela. Entre 2015 e 2016, quase 3,5 milh\u00f5es de vagas com carteira assinada ser\u00e3o destru\u00eddas, devido \u00e0s estripulias cometidas na economia. Dilma j\u00e1 pode ser chamada de a presidente do desemprego.<\/p>\n<p>&nbsp;<\/p>\n<p>A situa\u00e7\u00e3o do mercado de trabalho \u00e9 t\u00e3o dram\u00e1tica, que at\u00e9 os empregos informais est\u00e3o desaparecendo, revela o Instituto Brasileiro de Geografia e Estat\u00edstica (IBGE). A renda est\u00e1 despencando e continuar\u00e1 caindo ao longo deste ano. Para n\u00e3o demitir ou fechar as portas, muitas empresas t\u00eam cortado sal\u00e1rios. As contas est\u00e3o cada vez mais dif\u00edceis de fechar. E a fatura est\u00e1 caindo no colo dos trabalhadores. Dos quase 800 mil jovens que s\u00e3o despejados no mercado todos os anos, menos da metade est\u00e1 conseguindo se empregar, independentemente do n\u00edvel de escolaridade.<\/p>\n<p>&nbsp;<\/p>\n<p>Todas as proje\u00e7\u00f5es mostram que, com Dilma no governo, o desemprego ganhar\u00e1 contornos alarmantes. N\u00e3o h\u00e1 perspectiva de retomada dos investimentos que poderiam ampliar as f\u00e1bricas e o n\u00famero de vagas. No horizonte das empresas s\u00f3 h\u00e1 demiss\u00f5es. Ningu\u00e9m acredita na capacidade da presidente de virar o jogo caso consiga sobreviver ao processo de impeachment. A petista destruiu a confian\u00e7a necess\u00e1ria para estimular o esp\u00edrito animal do empresariado.<\/p>\n<p>&nbsp;<\/p>\n<p><b>Sova nas urnas<\/b><\/p>\n<p>&nbsp;<\/p>\n<p>Dentro do governo, o entendimento \u00e9 de que a gritaria contra Dilma s\u00f3 n\u00e3o \u00e9 maior por causa da rede de prote\u00e7\u00e3o social que foi criada nos anos anteriores \u00e0 petista. A pol\u00edtica de reajuste do sal\u00e1rio m\u00ednimo acima da infla\u00e7\u00e3o e os gastos maiores com o Bolsa Fam\u00edlia e a Previd\u00eancia Social ajudaram a minimizar, por um longo per\u00edodo, os efeitos nefastos da pol\u00edtica econ\u00f4mica da presidente. O estrago, contudo, foi t\u00e3o grande, que os mecanismos de prote\u00e7\u00e3o est\u00e3o se esgar\u00e7ando.<\/p>\n<p>&nbsp;<\/p>\n<p>Apesar das amea\u00e7as \u00e0s quase 50 milh\u00f5es de pessoas que est\u00e3o sob esse guarda-chuva social, o governo n\u00e3o acredita que esse p\u00fablico tende a engrossar os blocos de descontentes que t\u00eam ocupado das ruas. A rea\u00e7\u00e3o se dar\u00e1 por meio das urnas. Prefeitos que tentar\u00e3o a reelei\u00e7\u00e3o e candidatos associados a Dilma e ao PT devem levar uma sova. \u201cAs queixas s\u00e3o grandes. As pessoas continuam recebendo seus benef\u00edcios, mas tiveram que reduzir bastante o consumo porque integrantes das fam\u00edlias ficaram desempregados\u201d, reconhece um assessor do Planalto.<\/p>\n<p>&nbsp;<\/p>\n<p>N\u00e3o \u00e9 s\u00f3. O governo tamb\u00e9m identificou um n\u00famero maior de aposentados que voltaram a sustentar filhos e netos. Quando a economia estava crescendo e a renda sendo distribu\u00edda, muitos dependentes de idosos acabaram encontrando o caminho pr\u00f3prio. Foi um avan\u00e7o e tanto. Agora, com a onda de demiss\u00f5es e a forte retra\u00e7\u00e3o no poder de compra, o jeito foi fazer o caminho de volta. \u201cN\u00e3o h\u00e1 d\u00favidas de que vemos um retrocesso. Com o idoso sendo obrigado a sustentar um n\u00famero maior de pessoas, cai a qualidade de vida dele e a dos demais integrantes da fam\u00edlia\u201d, diz um t\u00e9cnico da Previd\u00eancia Social.<\/p>\n<p>&nbsp;<\/p>\n<p><b>Riqueza destru\u00edda<\/b><\/p>\n<p>&nbsp;<\/p>\n<p>O sofrimento ser\u00e1 longo. Com a economia afundando, a capacidade de rea\u00e7\u00e3o do Brasil quando a crise acabar ser\u00e1 muito menor. O Produto Interno Bruto (PIB) potencial desabou. Aos leigos, esse indicador representa o quanto economia pode crescer sem pressionar a infla\u00e7\u00e3o. Nos tempos de euforia, estimava-se que o indicador girava entre 3,5% e 4%. Atualmente, est\u00e1 mais pr\u00f3ximo de 1%. \u00c9 um desastre para um pa\u00eds que precisa tanto se expandir para voltar a reduzir as desigualdades que separam ricos e pobres.<\/p>\n<p>&nbsp;<\/p>\n<p>Dilma est\u00e1 ciente de todo o mal que fez ao Brasil. Tem a exata no\u00e7\u00e3o de que boa parte das conquistas advindas da estabilidade econ\u00f4mica se perdeu. Para ela, no entanto, o mais importante \u00e9 se manter no poder. N\u00e3o importa se, ao enterrar o impeachment barganhando apoio de deputados, levar\u00e1 o pa\u00eds para um buraco nunca antes visto na hist\u00f3ria. As previs\u00f5es s\u00e3o de que, com a petista no Planalto, o PIB deste ano recue at\u00e9 6%. Confirmado esse quadro, em apenas dois anos, o Brasil jogar\u00e1 pelos ares 10% das riquezas que produziria no per\u00edodo. Algo como R$ 600 bilh\u00f5es.<\/p>\n<p>&nbsp;<\/p>\n<p>No vale tudo pelo poder, est\u00e1 liberado destruir sonhos das fam\u00edlias, comprometer o futuro de gera\u00e7\u00f5es, empurrar uma leva de trabalhadores para a marginalidade. Para o governo, \u00e9 o pre\u00e7o que o pa\u00eds tem que pagar para legitimar a governante eleita democraticamente. Trata-se de um discurso insano, que deve ser combatido com todas as for\u00e7as enquanto ainda h\u00e1 tempo. O rel\u00f3gio est\u00e1 correndo e todos n\u00f3s estamos sujeitos a engrossar o ex\u00e9rcito dos desempregados por Dilma.<\/p>\n<p>&nbsp;<\/p>\n<p>Bras\u00edlia, 07h05min<\/p>\n","protected":false},"excerpt":{"rendered":"<p>A presidente Dilma Rousseff costuma bater no peito para alardear seu compromisso com a prote\u00e7\u00e3o dos empregos no pa\u00eds. Vangloria-se de ostentar \u00edndices de desocupa\u00e7\u00e3o menores do que os de governos tucanos. A petista se esquece de dizer, por\u00e9m, que nenhum outro governante conseguiu destruir o mercado de trabalho em t\u00e3o curto espa\u00e7o de tempo [&hellip;]<\/p>\n","protected":false},"author":22,"featured_media":0,"comment_status":"open","ping_status":"closed","sticky":false,"template":"","format":"standard","meta":{"wpb_read_more":[],"footnotes":""},"categories":[1],"tags":[],"class_list":["post-729","post","type-post","status-publish","format-standard","hentry","category-sem-categoria"],"_links":{"self":[{"href":"https:\/\/blogs2.correiobraziliense.com.br\/vicente\/wp-json\/wp\/v2\/posts\/729","targetHints":{"allow":["GET"]}}],"collection":[{"href":"https:\/\/blogs2.correiobraziliense.com.br\/vicente\/wp-json\/wp\/v2\/posts"}],"about":[{"href":"https:\/\/blogs2.correiobraziliense.com.br\/vicente\/wp-json\/wp\/v2\/types\/post"}],"author":[{"embeddable":true,"href":"https:\/\/blogs2.correiobraziliense.com.br\/vicente\/wp-json\/wp\/v2\/users\/22"}],"replies":[{"embeddable":true,"href":"https:\/\/blogs2.correiobraziliense.com.br\/vicente\/wp-json\/wp\/v2\/comments?post=729"}],"version-history":[{"count":1,"href":"https:\/\/blogs2.correiobraziliense.com.br\/vicente\/wp-json\/wp\/v2\/posts\/729\/revisions"}],"predecessor-version":[{"id":730,"href":"https:\/\/blogs2.correiobraziliense.com.br\/vicente\/wp-json\/wp\/v2\/posts\/729\/revisions\/730"}],"wp:attachment":[{"href":"https:\/\/blogs2.correiobraziliense.com.br\/vicente\/wp-json\/wp\/v2\/media?parent=729"}],"wp:term":[{"taxonomy":"category","embeddable":true,"href":"https:\/\/blogs2.correiobraziliense.com.br\/vicente\/wp-json\/wp\/v2\/categories?post=729"},{"taxonomy":"post_tag","embeddable":true,"href":"https:\/\/blogs2.correiobraziliense.com.br\/vicente\/wp-json\/wp\/v2\/tags?post=729"}],"curies":[{"name":"wp","href":"https:\/\/api.w.org\/{rel}","templated":true}]}}