{"id":733,"date":"2016-04-07T00:47:12","date_gmt":"2016-04-07T03:47:12","guid":{"rendered":"https:\/\/blogs2.correiobraziliense.com.br\/vicente\/?p=733"},"modified":"2016-04-07T09:49:28","modified_gmt":"2016-04-07T12:49:28","slug":"termometro-do-dolar","status":"publish","type":"post","link":"https:\/\/blogs2.correiobraziliense.com.br\/vicente\/termometro-do-dolar\/","title":{"rendered":"TERM\u00d4METRO DO D\u00d3LAR"},"content":{"rendered":"<p>\u00bb O comportamento do d\u00f3lar hoje e amanh\u00e3 medir\u00e1 a confian\u00e7a do mercado na aprova\u00e7\u00e3o do impeachment de Dilma. A certeza de que a petista seria afastada do poder fez com que a moeda norte-americana ca\u00edsse de R$ 4 para R$ 3,60. \u00c0 medida, por\u00e9m, que o balc\u00e3o de neg\u00f3cios comandado por Lula passou a mostrar resultados, a divisa inverteu a tend\u00eancia de queda. A possibilidade de vit\u00f3ria de Dilma entrou com tudo no radar dos investidores.<\/p>\n","protected":false},"excerpt":{"rendered":"<p>\u00bb O comportamento do d\u00f3lar hoje e amanh\u00e3 medir\u00e1 a confian\u00e7a do mercado na aprova\u00e7\u00e3o do impeachment de Dilma. A certeza de que a petista seria afastada do poder fez com que a moeda norte-americana ca\u00edsse de R$ 4 para R$ 3,60. \u00c0 medida, por\u00e9m, que o balc\u00e3o de neg\u00f3cios comandado por Lula passou a [&hellip;]<\/p>\n","protected":false},"author":22,"featured_media":0,"comment_status":"open","ping_status":"closed","sticky":false,"template":"","format":"standard","meta":{"wpb_read_more":[],"footnotes":""},"categories":[1],"tags":[],"class_list":["post-733","post","type-post","status-publish","format-standard","hentry","category-sem-categoria"],"_links":{"self":[{"href":"https:\/\/blogs2.correiobraziliense.com.br\/vicente\/wp-json\/wp\/v2\/posts\/733","targetHints":{"allow":["GET"]}}],"collection":[{"href":"https:\/\/blogs2.correiobraziliense.com.br\/vicente\/wp-json\/wp\/v2\/posts"}],"about":[{"href":"https:\/\/blogs2.correiobraziliense.com.br\/vicente\/wp-json\/wp\/v2\/types\/post"}],"author":[{"embeddable":true,"href":"https:\/\/blogs2.correiobraziliense.com.br\/vicente\/wp-json\/wp\/v2\/users\/22"}],"replies":[{"embeddable":true,"href":"https:\/\/blogs2.correiobraziliense.com.br\/vicente\/wp-json\/wp\/v2\/comments?post=733"}],"version-history":[{"count":1,"href":"https:\/\/blogs2.correiobraziliense.com.br\/vicente\/wp-json\/wp\/v2\/posts\/733\/revisions"}],"predecessor-version":[{"id":734,"href":"https:\/\/blogs2.correiobraziliense.com.br\/vicente\/wp-json\/wp\/v2\/posts\/733\/revisions\/734"}],"wp:attachment":[{"href":"https:\/\/blogs2.correiobraziliense.com.br\/vicente\/wp-json\/wp\/v2\/media?parent=733"}],"wp:term":[{"taxonomy":"category","embeddable":true,"href":"https:\/\/blogs2.correiobraziliense.com.br\/vicente\/wp-json\/wp\/v2\/categories?post=733"},{"taxonomy":"post_tag","embeddable":true,"href":"https:\/\/blogs2.correiobraziliense.com.br\/vicente\/wp-json\/wp\/v2\/tags?post=733"}],"curies":[{"name":"wp","href":"https:\/\/api.w.org\/{rel}","templated":true}]}}