{"id":737,"date":"2016-04-08T09:17:27","date_gmt":"2016-04-08T12:17:27","guid":{"rendered":"https:\/\/blogs2.correiobraziliense.com.br\/vicente\/?p=737"},"modified":"2016-04-08T09:47:49","modified_gmt":"2016-04-08T12:47:49","slug":"737-2","status":"publish","type":"post","link":"https:\/\/blogs2.correiobraziliense.com.br\/vicente\/737-2\/","title":{"rendered":"INFLA\u00c7\u00c3O CAI E GOVERNO DEVE PRESSIONAR BC PARA REDUZIR JUROS"},"content":{"rendered":"<p>A infla\u00e7\u00e3o medida pelo \u00cdndice de Pre\u00e7os ao Consumidor Amplo (IPCA) cravou alta de 0,43% em mar\u00e7o, refletindo o aprofundamento da recess\u00e3o. Foi a menor taxa para meses de mar\u00e7o desde 2012. A desacelera\u00e7\u00e3o foi impulsionada, sobretudo, pelos pre\u00e7os da energia el\u00e9trica, cujas tarifas ca\u00edram, em m\u00e9dia, 3,41%, retirando 0,13 ponto percentual do \u00edndice. J\u00e1 alimentos e bebidas, que t\u00eam grande peso no indicador, responderam por 74% da carestia, ao subirem, em m\u00e9dia, 1,24%. Nesse grupo, as frutas, com reajuste de 8,91%, foram as grandes vil\u00e3s.<\/p>\n<p>&nbsp;<\/p>\n<p>O bom resultado da infla\u00e7\u00e3o, que ficou abaixo do 0,45% projetado pelo mercado, tende a levar o governo a pressionar o Banco Central para antecipar o processo de queda da taxa b\u00e1sica de juros (Selic), como forma de criar um fato positivo em contraponto \u00e0 amea\u00e7a de impeachment da presidente Dilma Rousseff. A Selic est\u00e1 em 14,25% ao ano.<\/p>\n<p>&nbsp;<\/p>\n<p>No acumulado de 12 meses, a infla\u00e7\u00e3o est\u00e1 em 9,39% e, no primeiro trimestre, em 2,62%, taxas ainda muito elevadas. Segundo o Instituto Brasileiro de Geografia e Estat\u00edstica (IBGE), em duas capitais, Recife e Salvador, houve defla\u00e7\u00e3o em mar\u00e7o, de 0,04% e 0,14%, respectivamente. Em 12 meses, \u00a0a infla\u00e7\u00e3o nessas regi\u00f5es est\u00e1 acima de 9%, o dobro da meta, de 4,5%, definida em lei. Em Bras\u00edlia, o IPCA cravou alta de 0,12% no m\u00eas passado.<\/p>\n<p>&nbsp;<\/p>\n<p>Bras\u00edlia, 09h15min<\/p>\n","protected":false},"excerpt":{"rendered":"<p>A infla\u00e7\u00e3o medida pelo \u00cdndice de Pre\u00e7os ao Consumidor Amplo (IPCA) cravou alta de 0,43% em mar\u00e7o, refletindo o aprofundamento da recess\u00e3o. Foi a menor taxa para meses de mar\u00e7o desde 2012. A desacelera\u00e7\u00e3o foi impulsionada, sobretudo, pelos pre\u00e7os da energia el\u00e9trica, cujas tarifas ca\u00edram, em m\u00e9dia, 3,41%, retirando 0,13 ponto percentual do \u00edndice. J\u00e1 [&hellip;]<\/p>\n","protected":false},"author":22,"featured_media":0,"comment_status":"open","ping_status":"closed","sticky":false,"template":"","format":"standard","meta":{"wpb_read_more":[],"footnotes":""},"categories":[1],"tags":[],"class_list":["post-737","post","type-post","status-publish","format-standard","hentry","category-sem-categoria"],"_links":{"self":[{"href":"https:\/\/blogs2.correiobraziliense.com.br\/vicente\/wp-json\/wp\/v2\/posts\/737","targetHints":{"allow":["GET"]}}],"collection":[{"href":"https:\/\/blogs2.correiobraziliense.com.br\/vicente\/wp-json\/wp\/v2\/posts"}],"about":[{"href":"https:\/\/blogs2.correiobraziliense.com.br\/vicente\/wp-json\/wp\/v2\/types\/post"}],"author":[{"embeddable":true,"href":"https:\/\/blogs2.correiobraziliense.com.br\/vicente\/wp-json\/wp\/v2\/users\/22"}],"replies":[{"embeddable":true,"href":"https:\/\/blogs2.correiobraziliense.com.br\/vicente\/wp-json\/wp\/v2\/comments?post=737"}],"version-history":[{"count":4,"href":"https:\/\/blogs2.correiobraziliense.com.br\/vicente\/wp-json\/wp\/v2\/posts\/737\/revisions"}],"predecessor-version":[{"id":741,"href":"https:\/\/blogs2.correiobraziliense.com.br\/vicente\/wp-json\/wp\/v2\/posts\/737\/revisions\/741"}],"wp:attachment":[{"href":"https:\/\/blogs2.correiobraziliense.com.br\/vicente\/wp-json\/wp\/v2\/media?parent=737"}],"wp:term":[{"taxonomy":"category","embeddable":true,"href":"https:\/\/blogs2.correiobraziliense.com.br\/vicente\/wp-json\/wp\/v2\/categories?post=737"},{"taxonomy":"post_tag","embeddable":true,"href":"https:\/\/blogs2.correiobraziliense.com.br\/vicente\/wp-json\/wp\/v2\/tags?post=737"}],"curies":[{"name":"wp","href":"https:\/\/api.w.org\/{rel}","templated":true}]}}