{"id":74,"date":"2015-03-28T18:40:00","date_gmt":"2015-03-28T21:40:00","guid":{"rendered":"https:\/\/blogs2.correiobraziliense.com.br\/vicente\/pior_do_pior\/"},"modified":"2015-03-28T18:40:00","modified_gmt":"2015-03-28T21:40:00","slug":"pior_do_pior","status":"publish","type":"post","link":"https:\/\/blogs2.correiobraziliense.com.br\/vicente\/pior_do_pior\/","title":{"rendered":"PIOR DO PIOR"},"content":{"rendered":"\n<p>A presidente Dilma Rousseff, estrategicamente, n\u00e3o fez coment\u00e1rios p\u00fablicos sobre o resultado do Produto Interno Bruto (PIB) de 2014\u2014 alta de 0,1% \u2014, mas se espera que, no conforto do Pal\u00e1cio do Planalto, tenha se conscientizado do mal que fez ao pa\u00eds nos quatro primeiros anos de mandato. A estagna\u00e7\u00e3o da economia no ano passado e o tombo de at\u00e9 2% previsto para 2015 mostram que a pol\u00edtica que esteve sob a batuta do ent\u00e3o ministro da Fazenda, Guido Mantega, foi um fracasso. <\/p>\n<p>Foram muitos os alertas sobre os erros que o governo estava cometendo, mas, em vez de ouvir os avisos, Dilma preferiu desqualificar os que ela chamava de cr\u00edticos pessimistas. Se ao menos tivesse tido um pouco de humildade para avaliar os resultados que estava colhendo, certamente os brasileiros n\u00e3o estariam hoje amea\u00e7ados pelo desemprego e pela queda da renda. <\/p>\n<p>Dilma, que segundo o seu professor na Universidade de Campinas, Luiz Gonzaga Beluzzo, entrava muda e saia calada das aula de economia, apostou todas as fichas na teoria de que o Brasil poderia conviver com um pouco mais de infla\u00e7\u00e3o para impulsionar o crescimento. Acreditou que o Estado poderia bancar, por tempo indeterminado, estripulias para cobrir tarifas de energia el\u00e9trica. N\u00e3o se intimidou em destro\u00e7ar o caixa da Petrobras ao segurar os pre\u00e7os dos combust\u00edveis. <\/p>\n<p>Em vez de atingir seus objetivos, Dilma destruiu a capacidade de avan\u00e7o da economia. Semeou a desconfian\u00e7a que travou os investimentos produtivos e o consumo das fam\u00edlias. O estrago foi tamanho que ela conseguiu reverter duas das principais bandeiras do PT, o partido dela: a redu\u00e7\u00e3o das desigualdades sociais e a manuten\u00e7\u00e3o do emprego. Segundo o Instituto Brasileiro de Geografia e Estat\u00edstica (IBGE), desde 2012, com a infla\u00e7\u00e3o alta, vem aumentando o fosso que separa pobres e ricos e, apenas nos dois primeiros meses deste ano, a taxa de desocupa\u00e7\u00e3o saltou de 4,3% para 5,9%. <\/p>\n<p>A situa\u00e7\u00e3o s\u00f3 n\u00e3o \u00e9 mais desesperadora porque, depois das elei\u00e7\u00f5es presidenciais, uma nova Dilma deu as caras. Como num passe de m\u00e1gica, ela, que havia negado qualquer problema na economia durante a campanha \u00e0 reelei\u00e7\u00e3o, admitiu que o Brasil flertava com o descalabro administrativo. Para dar um tom de responsabilidade ao governo, demitiu Mantega e nomeou Joaquim Levy para a Fazenda. <\/p>\n<p>A partir da\u00ed, o pa\u00eds foi se conscientizando do tamanho do buraco que havia sido cavado pela tal nova matriz econ\u00f4mica de Dilma. As contas p\u00fablicas escancararam um rombo de quase 7% do PIB e a infla\u00e7\u00e3o encostou nos 8%, o que n\u00e3o se via desde 2003, quando Lula tomou posse pela primeira vez. Justamente para reverter esse desastre, o pa\u00eds ter\u00e1 que fazer o maior esfor\u00e7o fiscal dos \u00faltimos 16 anos. Esse arrocho, combinado ao aumento da taxa b\u00e1sica de juros (Selic), que est\u00e1 em 12,75% ao ano, e \u00e0 suspens\u00e3o de obras da Petrobras por causa da corrup\u00e7\u00e3o, levar\u00e1 a uma pesada recess\u00e3o. <\/p>\n<p>N\u00e3o se sabe at\u00e9 quando Dilma ter\u00e1 est\u00f4mago para aguentar a press\u00e3o pol\u00edtica contra os ajustes t\u00e3o necess\u00e1rios \u00e0 economia. Mas \u00e9 certo que, sem ele, dificilmente ela conseguir\u00e1 terminar o mandato de cabe\u00e7a em p\u00e9. Pode at\u00e9 permanecer no trono. Mas sua biografia depois de 2018 ostentar\u00e1 o t\u00edtulo de uma das piores presidentes da hist\u00f3ria do Brasil. <\/p>\n<p>Pelo resultado do PIB nos quatro primeiros anos do mandato, ela j\u00e1 est\u00e1 na linha de frente quando se avalia o per\u00edodo p\u00f3s-redemocratica\u00e7\u00e3o do pa\u00eds. O avan\u00e7o m\u00e9dio anual de 2,1% do PIB s\u00f3 n\u00e3o \u00e9 menor do que a contra\u00e7\u00e3o de 1,7% nos dois anos de Collor de Mello. Dilma \u00e9 s\u00e9ria candidata ao pior do pior. <\/p>\n<p><b>Puni\u00e7\u00e3o no Postalis<\/b> <\/p>\n<p>\u00bb A C\u00e2mara de Recursos de Previd\u00eancia Complementar, enfim, come\u00e7ou a punir ex-dirigentes da Postalis, o fundo de pens\u00e3o dos funcion\u00e1rios dos Correios que ostenta rombo de R$ 5,6 bilh\u00f5es. O primeiro processo foi julgado, mantendo-se as puni\u00e7\u00f5es impostas pela Previc, \u00f3rg\u00e3o de regula e fiscaliza o setor. <\/p>\n<p><b>Filhos do PMBD<\/b> <\/p>\n<p>\u00bb Entre os cinco ex-dirigentes acusados de m\u00e1-gest\u00e3o e desvio de dinheiro est\u00e3o Alexej Predtechensky, indicado para a presid\u00eancia do fundo pelos senadores do PMDB Renan Calheiros e Edison Lob\u00e3o, e Adilson Floriano da Costa, que respondeu pela diretoria financeira da entidade. <\/p>\n<p><b>Julgamentos continuam<\/b> <\/p>\n<p>\u00bb Alexej Predtechensky e Adilson ter\u00e3o que pagar, cada um, multa de R$ 40 mil reais, o que n\u00e3o \u00e9 nada pelo do rombo que causaram ao Postalis. Tamb\u00e9m est\u00e3o proibidos de exercerem cargos em fundos de pens\u00e3o por dois anos. Essas penas v\u00e3o se somar ao que for definido em outros processos que est\u00e3o sob avalia\u00e7\u00e3o da C\u00e2mara de Recursos de Previd\u00eancia. No total, h\u00e1 11 casos para serem julgados. <\/p>\n<p><b>Klein&nbsp; no BRDE<\/b> <\/p>\n<p>\u00bb Ex-ministro dos Transportes, Odacir Klein vai para assumir o Banco Regional de Desenvolvimento do Extremo Sul. O nome dele ainda precisa ser aprovado pela Assembl\u00e9ia Legislativa do Rio Grande do Sul e pelo Banco Central. Atualmente, Klein preside a Uni\u00e3o Brasileira de Biodiesel e Bioquerosene (Ubrabio). <\/p>\n<p>Bras\u00edlia, 18h45min   <\/p>\n","protected":false},"excerpt":{"rendered":"<p>A presidente Dilma Rousseff, estrategicamente, n\u00e3o fez coment\u00e1rios p\u00fablicos sobre o resultado do Produto Interno Bruto (PIB) de 2014\u2014 alta de 0,1% \u2014, mas se espera que, no conforto do Pal\u00e1cio do Planalto, tenha se conscientizado do mal que fez ao pa\u00eds nos quatro primeiros anos de mandato. A estagna\u00e7\u00e3o da economia no ano passado [&hellip;]<\/p>\n","protected":false},"author":22,"featured_media":0,"comment_status":"open","ping_status":"open","sticky":false,"template":"","format":"standard","meta":{"wpb_read_more":[],"footnotes":""},"categories":[1],"tags":[],"class_list":["post-74","post","type-post","status-publish","format-standard","hentry","category-sem-categoria"],"_links":{"self":[{"href":"https:\/\/blogs2.correiobraziliense.com.br\/vicente\/wp-json\/wp\/v2\/posts\/74","targetHints":{"allow":["GET"]}}],"collection":[{"href":"https:\/\/blogs2.correiobraziliense.com.br\/vicente\/wp-json\/wp\/v2\/posts"}],"about":[{"href":"https:\/\/blogs2.correiobraziliense.com.br\/vicente\/wp-json\/wp\/v2\/types\/post"}],"author":[{"embeddable":true,"href":"https:\/\/blogs2.correiobraziliense.com.br\/vicente\/wp-json\/wp\/v2\/users\/22"}],"replies":[{"embeddable":true,"href":"https:\/\/blogs2.correiobraziliense.com.br\/vicente\/wp-json\/wp\/v2\/comments?post=74"}],"version-history":[{"count":0,"href":"https:\/\/blogs2.correiobraziliense.com.br\/vicente\/wp-json\/wp\/v2\/posts\/74\/revisions"}],"wp:attachment":[{"href":"https:\/\/blogs2.correiobraziliense.com.br\/vicente\/wp-json\/wp\/v2\/media?parent=74"}],"wp:term":[{"taxonomy":"category","embeddable":true,"href":"https:\/\/blogs2.correiobraziliense.com.br\/vicente\/wp-json\/wp\/v2\/categories?post=74"},{"taxonomy":"post_tag","embeddable":true,"href":"https:\/\/blogs2.correiobraziliense.com.br\/vicente\/wp-json\/wp\/v2\/tags?post=74"}],"curies":[{"name":"wp","href":"https:\/\/api.w.org\/{rel}","templated":true}]}}