{"id":742,"date":"2016-04-08T08:30:11","date_gmt":"2016-04-08T11:30:11","guid":{"rendered":"https:\/\/blogs2.correiobraziliense.com.br\/vicente\/?p=742"},"modified":"2016-04-08T09:59:32","modified_gmt":"2016-04-08T12:59:32","slug":"descompromisso-com-nacao","status":"publish","type":"post","link":"https:\/\/blogs2.correiobraziliense.com.br\/vicente\/descompromisso-com-nacao\/","title":{"rendered":"DESCOMPROMISSO COM A NA\u00c7\u00c3O"},"content":{"rendered":"<p>Enquanto a presidente Dilma Rousseff dedica todo seu tempo para tentar enterrar o processo de impeachment, o Brasil afunda. As proje\u00e7\u00f5es da equipe econ\u00f4mica e de analistas privados mostram um pa\u00eds \u00e0 deriva, como um trem desgovernado, sem que nenhuma voz sensata tome a iniciativa de evitar o desastre. Muito pelo contr\u00e1rio. Se h\u00e1 algo que o governo pode fazer para piorar as coisas, far\u00e1. A popula\u00e7\u00e3o que aguente o tranco.<\/p>\n<p>&nbsp;<\/p>\n<p>Como bem ressalta um dos t\u00e9cnicos mais conceituados do governo, o Brasil est\u00e1 sem comando h\u00e1 anos. O que se apresenta como respons\u00e1vel pela gest\u00e3o do pa\u00eds \u00e9, na verdade, um projeto de poder que est\u00e1 disposto a qualquer coisa para manter as benesses do setor p\u00fablico. N\u00e3o h\u00e1 escr\u00fapulos. Tanto que, mesmo estando sob ataque, acusada de cometer crime de responsabilidade fiscal, Dilma n\u00e3o se furta em transformar o Pal\u00e1cio do Planalto em um palanque para sua defesa.<\/p>\n<p>&nbsp;<\/p>\n<p>O desgoverno \u00e9 tal, que nenhum analista de mercado acredita mais na capacidade de Dilma, caso ela continue no cargo, de aprovar medidas que possam minimizar o descalabro fiscal. Andr\u00e9 Perfeito, economista-chefe da Gradual Investimentos, encaminhou ao Minist\u00e9rio da Fazenda suas proje\u00e7\u00f5es para as contas p\u00fablicas. A piora nas estimativas \u00e9 impressionante. N\u00e3o h\u00e1 perspectiva de revers\u00e3o no rombo das finan\u00e7as do governo at\u00e9 2018.<\/p>\n<p>&nbsp;<\/p>\n<p>Pelos c\u00e1lculos de Perfeito, o deficit prim\u00e1rio deste ano ser\u00e1 de 1,7% do Produto Interno Bruto (PIB) em vez do 1,5% projetado um m\u00eas atr\u00e1s. Para 2017, o buraco saltou de 0,7% para 1% e, para 2018, de 0,01% para 0,35%. \u201cAo incorporar a persist\u00eancia da crise pol\u00edtica, alguns pressupostos tiveram que ser alterados\u201d, diz. No entender dele, a aprova\u00e7\u00e3o de medidas que poderiam beneficiar o caixa, como o aumento de impostos e o corte de gastos, por meio da reforma da Previd\u00eancia, sumiram do radar.<\/p>\n<p>&nbsp;<\/p>\n<p>O mais preocupante, destaca o economista da Gradual, \u00e9 que, mesmo com Dilma fora do poder, n\u00e3o h\u00e1 como esperar mudan\u00e7as significativas no quadro fiscal. O rombo \u00e9 t\u00e3o grande, que, se o eventual substituto da petista optasse por fazer um ajuste r\u00e1pido, quebraria de vez o pa\u00eds. Tudo ficaria parado: sa\u00fade, educa\u00e7\u00e3o, programas sociais. Portanto, o m\u00e1ximo que se pode esperar, caso o impeachment seja aprovado na C\u00e2mara dos Deputados, \u00e9 que o sucessor, que pode ser o vice-presidente, Michel Temer, tenha a confian\u00e7a dos agentes econ\u00f4micas de que, em algum momento, as contas p\u00fablicas sair\u00e3o do vermelho.<\/p>\n<p>&nbsp;<\/p>\n<p>Bras\u00edlia, 8h30min<\/p>\n","protected":false},"excerpt":{"rendered":"<p>Enquanto a presidente Dilma Rousseff dedica todo seu tempo para tentar enterrar o processo de impeachment, o Brasil afunda. As proje\u00e7\u00f5es da equipe econ\u00f4mica e de analistas privados mostram um pa\u00eds \u00e0 deriva, como um trem desgovernado, sem que nenhuma voz sensata tome a iniciativa de evitar o desastre. Muito pelo contr\u00e1rio. Se h\u00e1 algo [&hellip;]<\/p>\n","protected":false},"author":22,"featured_media":0,"comment_status":"open","ping_status":"closed","sticky":false,"template":"","format":"standard","meta":{"wpb_read_more":[],"footnotes":""},"categories":[1],"tags":[],"class_list":["post-742","post","type-post","status-publish","format-standard","hentry","category-sem-categoria"],"_links":{"self":[{"href":"https:\/\/blogs2.correiobraziliense.com.br\/vicente\/wp-json\/wp\/v2\/posts\/742","targetHints":{"allow":["GET"]}}],"collection":[{"href":"https:\/\/blogs2.correiobraziliense.com.br\/vicente\/wp-json\/wp\/v2\/posts"}],"about":[{"href":"https:\/\/blogs2.correiobraziliense.com.br\/vicente\/wp-json\/wp\/v2\/types\/post"}],"author":[{"embeddable":true,"href":"https:\/\/blogs2.correiobraziliense.com.br\/vicente\/wp-json\/wp\/v2\/users\/22"}],"replies":[{"embeddable":true,"href":"https:\/\/blogs2.correiobraziliense.com.br\/vicente\/wp-json\/wp\/v2\/comments?post=742"}],"version-history":[{"count":1,"href":"https:\/\/blogs2.correiobraziliense.com.br\/vicente\/wp-json\/wp\/v2\/posts\/742\/revisions"}],"predecessor-version":[{"id":743,"href":"https:\/\/blogs2.correiobraziliense.com.br\/vicente\/wp-json\/wp\/v2\/posts\/742\/revisions\/743"}],"wp:attachment":[{"href":"https:\/\/blogs2.correiobraziliense.com.br\/vicente\/wp-json\/wp\/v2\/media?parent=742"}],"wp:term":[{"taxonomy":"category","embeddable":true,"href":"https:\/\/blogs2.correiobraziliense.com.br\/vicente\/wp-json\/wp\/v2\/categories?post=742"},{"taxonomy":"post_tag","embeddable":true,"href":"https:\/\/blogs2.correiobraziliense.com.br\/vicente\/wp-json\/wp\/v2\/tags?post=742"}],"curies":[{"name":"wp","href":"https:\/\/api.w.org\/{rel}","templated":true}]}}