{"id":744,"date":"2016-04-08T07:30:00","date_gmt":"2016-04-08T10:30:00","guid":{"rendered":"https:\/\/blogs2.correiobraziliense.com.br\/vicente\/?p=744"},"modified":"2016-04-08T10:02:12","modified_gmt":"2016-04-08T13:02:12","slug":"falta-de-lideres","status":"publish","type":"post","link":"https:\/\/blogs2.correiobraziliense.com.br\/vicente\/falta-de-lideres\/","title":{"rendered":"FALTA DE L\u00cdDERES"},"content":{"rendered":"<p>A presidente DilmaRousseff, com todos os seus erros, explicitou como o Brasil se recente da falta de l\u00edderes. N\u00e3o h\u00e1 hoje, entre os nomes colocados, ningu\u00e9m com capacidade para convencer a popula\u00e7\u00e3o de que pode resgatar o pa\u00eds, sobretudo do ponto de vista \u00e9tico. \u00c9 isso que est\u00e1 incomodando grande parte dos eleitores. Com a petista no poder, j\u00e1 se sabe que o que est\u00e1 ruim ficar\u00e1 pior. Caso Temer v\u00e1 para o Planalto, o PMDB continuar\u00e1 comandando as falcatruas que se tornaram a marca do partido. Se houver nova elei\u00e7\u00f5es, um v\u00e1cuo despontar\u00e1, pois os candidatos testados est\u00e3o longe de representar as mudan\u00e7as que todos querem.<\/p>\n<p>&nbsp;<\/p>\n<p>Sendo assim, s\u00f3 restar\u00e1 ao pa\u00eds torcer pelo menos pior. E se preparar para lidar com a heran\u00e7a maldita de Dilma, a mais assustadora delas, o desemprego. A infla\u00e7\u00e3o, diz o presidente do Banco Central, Alexandre Tombini, est\u00e1 perdendo for\u00e7a, mas continuar\u00e1 castigando os mais pobres. Os investimentos produtivos permanecer\u00e3o em queda, minando a capacidade de recupera\u00e7\u00e3o da economia. \u00c9 importante ressaltar ainda que regi\u00f5es mais pobres, como o Nordeste, que se mostravam mais resistentes \u00e0 crise, est\u00e3o desmoronando.<\/p>\n<p>&nbsp;<\/p>\n<p>\u201cN\u00e3o h\u00e1 escapat\u00f3ria. Os efeitos das pol\u00edticas sociais do governo se esgotaram\u201d, reconhece um t\u00e9cnico da equipe econ\u00f4mica. O Planalto, acrescenta ele, acreditou que suas interven\u00e7\u00f5es nas \u00e1reas menos favorecidas compensariam os efeitos da queda da atividade. Por um tempo, at\u00e9 conseguiu. Mas n\u00e3o h\u00e1 nada que sobreviva a um tombo t\u00e3o forte da atividade econ\u00f4mica. Esse neg\u00f3cio de que ningu\u00e9m come PIB \u00e9 discurso eleitoreiro, que beira o mau-caratismo.<\/p>\n<p>&nbsp;<\/p>\n<p>\u00c9 vis\u00edvel que, desde que a economia come\u00e7ou a derreter, conquistas importantes foram sendo perdidas. O governo usou o discurso de que tudo estava vinculado \u00e0 crise internacional e, t\u00e3o logo o mundo melhorasse, o Brasil voltaria ao c\u00e9u de brigadeiro. Conseguiu enganar boa parte da popula\u00e7\u00e3o por um bom tempo. Agora, est\u00e1 claro: n\u00e3o h\u00e1 mais toler\u00e2ncia com desvios.<\/p>\n<p>&nbsp;<\/p>\n<p>Bras\u00edlia, 07h30<\/p>\n","protected":false},"excerpt":{"rendered":"<p>A presidente DilmaRousseff, com todos os seus erros, explicitou como o Brasil se recente da falta de l\u00edderes. N\u00e3o h\u00e1 hoje, entre os nomes colocados, ningu\u00e9m com capacidade para convencer a popula\u00e7\u00e3o de que pode resgatar o pa\u00eds, sobretudo do ponto de vista \u00e9tico. \u00c9 isso que est\u00e1 incomodando grande parte dos eleitores. Com a [&hellip;]<\/p>\n","protected":false},"author":22,"featured_media":0,"comment_status":"open","ping_status":"closed","sticky":false,"template":"","format":"standard","meta":{"wpb_read_more":[],"footnotes":""},"categories":[1],"tags":[],"class_list":["post-744","post","type-post","status-publish","format-standard","hentry","category-sem-categoria"],"_links":{"self":[{"href":"https:\/\/blogs2.correiobraziliense.com.br\/vicente\/wp-json\/wp\/v2\/posts\/744","targetHints":{"allow":["GET"]}}],"collection":[{"href":"https:\/\/blogs2.correiobraziliense.com.br\/vicente\/wp-json\/wp\/v2\/posts"}],"about":[{"href":"https:\/\/blogs2.correiobraziliense.com.br\/vicente\/wp-json\/wp\/v2\/types\/post"}],"author":[{"embeddable":true,"href":"https:\/\/blogs2.correiobraziliense.com.br\/vicente\/wp-json\/wp\/v2\/users\/22"}],"replies":[{"embeddable":true,"href":"https:\/\/blogs2.correiobraziliense.com.br\/vicente\/wp-json\/wp\/v2\/comments?post=744"}],"version-history":[{"count":1,"href":"https:\/\/blogs2.correiobraziliense.com.br\/vicente\/wp-json\/wp\/v2\/posts\/744\/revisions"}],"predecessor-version":[{"id":745,"href":"https:\/\/blogs2.correiobraziliense.com.br\/vicente\/wp-json\/wp\/v2\/posts\/744\/revisions\/745"}],"wp:attachment":[{"href":"https:\/\/blogs2.correiobraziliense.com.br\/vicente\/wp-json\/wp\/v2\/media?parent=744"}],"wp:term":[{"taxonomy":"category","embeddable":true,"href":"https:\/\/blogs2.correiobraziliense.com.br\/vicente\/wp-json\/wp\/v2\/categories?post=744"},{"taxonomy":"post_tag","embeddable":true,"href":"https:\/\/blogs2.correiobraziliense.com.br\/vicente\/wp-json\/wp\/v2\/tags?post=744"}],"curies":[{"name":"wp","href":"https:\/\/api.w.org\/{rel}","templated":true}]}}