{"id":746,"date":"2016-04-08T00:02:38","date_gmt":"2016-04-08T03:02:38","guid":{"rendered":"https:\/\/blogs2.correiobraziliense.com.br\/vicente\/?p=746"},"modified":"2016-04-08T10:03:54","modified_gmt":"2016-04-08T13:03:54","slug":"cerco-fechado","status":"publish","type":"post","link":"https:\/\/blogs2.correiobraziliense.com.br\/vicente\/cerco-fechado\/","title":{"rendered":"CERCO FECHADO"},"content":{"rendered":"<p>A presidente Dilma Rousseff pode, sim, perder o mandato porque desrespeitou os princ\u00edpios b\u00e1sicos da Lei de Responsabilidade Fiscal (LRF). Pode, ainda, ser apeada do poder diante das revela\u00e7\u00f5es de dirigentes da Andrade Gutierrez, a segunda empreiteira do pa\u00eds, de que a empresa destinou recursos oriundos de propinas para a campanha eleitoral da petista. O cerco est\u00e1 se fechando. Agora, s\u00f3 falta Marcelo Odebrecht abrir a boca.<\/p>\n","protected":false},"excerpt":{"rendered":"<p>A presidente Dilma Rousseff pode, sim, perder o mandato porque desrespeitou os princ\u00edpios b\u00e1sicos da Lei de Responsabilidade Fiscal (LRF). Pode, ainda, ser apeada do poder diante das revela\u00e7\u00f5es de dirigentes da Andrade Gutierrez, a segunda empreiteira do pa\u00eds, de que a empresa destinou recursos oriundos de propinas para a campanha eleitoral da petista. O [&hellip;]<\/p>\n","protected":false},"author":22,"featured_media":0,"comment_status":"open","ping_status":"closed","sticky":false,"template":"","format":"standard","meta":{"wpb_read_more":[],"footnotes":""},"categories":[1],"tags":[],"class_list":["post-746","post","type-post","status-publish","format-standard","hentry","category-sem-categoria"],"_links":{"self":[{"href":"https:\/\/blogs2.correiobraziliense.com.br\/vicente\/wp-json\/wp\/v2\/posts\/746","targetHints":{"allow":["GET"]}}],"collection":[{"href":"https:\/\/blogs2.correiobraziliense.com.br\/vicente\/wp-json\/wp\/v2\/posts"}],"about":[{"href":"https:\/\/blogs2.correiobraziliense.com.br\/vicente\/wp-json\/wp\/v2\/types\/post"}],"author":[{"embeddable":true,"href":"https:\/\/blogs2.correiobraziliense.com.br\/vicente\/wp-json\/wp\/v2\/users\/22"}],"replies":[{"embeddable":true,"href":"https:\/\/blogs2.correiobraziliense.com.br\/vicente\/wp-json\/wp\/v2\/comments?post=746"}],"version-history":[{"count":1,"href":"https:\/\/blogs2.correiobraziliense.com.br\/vicente\/wp-json\/wp\/v2\/posts\/746\/revisions"}],"predecessor-version":[{"id":747,"href":"https:\/\/blogs2.correiobraziliense.com.br\/vicente\/wp-json\/wp\/v2\/posts\/746\/revisions\/747"}],"wp:attachment":[{"href":"https:\/\/blogs2.correiobraziliense.com.br\/vicente\/wp-json\/wp\/v2\/media?parent=746"}],"wp:term":[{"taxonomy":"category","embeddable":true,"href":"https:\/\/blogs2.correiobraziliense.com.br\/vicente\/wp-json\/wp\/v2\/categories?post=746"},{"taxonomy":"post_tag","embeddable":true,"href":"https:\/\/blogs2.correiobraziliense.com.br\/vicente\/wp-json\/wp\/v2\/tags?post=746"}],"curies":[{"name":"wp","href":"https:\/\/api.w.org\/{rel}","templated":true}]}}