{"id":748,"date":"2016-04-08T11:58:37","date_gmt":"2016-04-08T14:58:37","guid":{"rendered":"https:\/\/blogs2.correiobraziliense.com.br\/vicente\/?p=748"},"modified":"2016-04-08T11:58:37","modified_gmt":"2016-04-08T14:58:37","slug":"para-bc-queda-da-inflacao-e-bem-vinda-mas-ainda-ha-um-longo-caminho","status":"publish","type":"post","link":"https:\/\/blogs2.correiobraziliense.com.br\/vicente\/para-bc-queda-da-inflacao-e-bem-vinda-mas-ainda-ha-um-longo-caminho\/","title":{"rendered":"PARA BC, QUEDA DA INFLA\u00c7\u00c3O \u00c9 BEM-VINDA, MAS AINDA H\u00c1 UM LONGO CAMINHO"},"content":{"rendered":"<p>T\u00e9cnicos do Banco Central n\u00e3o escondem a preocupa\u00e7\u00e3o com a poss\u00edvel press\u00e3o do governo para a derrubada mais r\u00e1pida da taxa b\u00e1sica de juros (Selic), que est\u00e1 em 14,25% ao ano. No entender deles, a forte desacelera\u00e7\u00e3o da infla\u00e7\u00e3o em mar\u00e7o, para 0,43%, foi uma boa not\u00edcia, mas ainda h\u00e1 um longo caminho a ser percorrido para que haja um afrouxo monet\u00e1rio consistente. Na vis\u00e3o do BC, \u00e9 preciso que as expectativas de infla\u00e7\u00e3o caiam e se aproximem do centro da meta, de 4,5%.<\/p>\n<p>&nbsp;<\/p>\n<p>A press\u00e3o pela queda dos juros faz parte do projeto do governo de criar fatos positivos na economia como contraponto ao processo de impeachment. Foi assim com as bandeiras tarif\u00e1rias, que ca\u00edram mesmo com os reservat\u00f3rios ainda em situa\u00e7\u00e3o preocupante. Mas a ordem da presidente Dilma Rousseff foi baratear a conta de luz a qualquer pre\u00e7o. Agora,\u00a0 a press\u00e3o est\u00e1 sobre a Petrobras, para que reduza os valores dos combust\u00edveis.<\/p>\n<p>&nbsp;<\/p>\n<p>O BC v\u00ea essa press\u00e3o como populismo, que pode prevalecer caso a presidente Dilma consiga se livrar do impeachment. A tend\u00eancia da petista \u00e9 migrar mais para a esquerda e agradar as bases sociais, que t\u00eam defendido, com todas as for\u00e7as, a presidente nas ruas.<\/p>\n<p>&nbsp;<\/p>\n<p><em>Bras\u00edlia, 11h55min<\/em><\/p>\n<p>&nbsp;<\/p>\n<p>&nbsp;<\/p>\n","protected":false},"excerpt":{"rendered":"<p>T\u00e9cnicos do Banco Central n\u00e3o escondem a preocupa\u00e7\u00e3o com a poss\u00edvel press\u00e3o do governo para a derrubada mais r\u00e1pida da taxa b\u00e1sica de juros (Selic), que est\u00e1 em 14,25% ao ano. No entender deles, a forte desacelera\u00e7\u00e3o da infla\u00e7\u00e3o em mar\u00e7o, para 0,43%, foi uma boa not\u00edcia, mas ainda h\u00e1 um longo caminho a ser [&hellip;]<\/p>\n","protected":false},"author":22,"featured_media":0,"comment_status":"open","ping_status":"closed","sticky":false,"template":"","format":"standard","meta":{"wpb_read_more":[],"footnotes":""},"categories":[1],"tags":[],"class_list":["post-748","post","type-post","status-publish","format-standard","hentry","category-sem-categoria"],"_links":{"self":[{"href":"https:\/\/blogs2.correiobraziliense.com.br\/vicente\/wp-json\/wp\/v2\/posts\/748","targetHints":{"allow":["GET"]}}],"collection":[{"href":"https:\/\/blogs2.correiobraziliense.com.br\/vicente\/wp-json\/wp\/v2\/posts"}],"about":[{"href":"https:\/\/blogs2.correiobraziliense.com.br\/vicente\/wp-json\/wp\/v2\/types\/post"}],"author":[{"embeddable":true,"href":"https:\/\/blogs2.correiobraziliense.com.br\/vicente\/wp-json\/wp\/v2\/users\/22"}],"replies":[{"embeddable":true,"href":"https:\/\/blogs2.correiobraziliense.com.br\/vicente\/wp-json\/wp\/v2\/comments?post=748"}],"version-history":[{"count":1,"href":"https:\/\/blogs2.correiobraziliense.com.br\/vicente\/wp-json\/wp\/v2\/posts\/748\/revisions"}],"predecessor-version":[{"id":749,"href":"https:\/\/blogs2.correiobraziliense.com.br\/vicente\/wp-json\/wp\/v2\/posts\/748\/revisions\/749"}],"wp:attachment":[{"href":"https:\/\/blogs2.correiobraziliense.com.br\/vicente\/wp-json\/wp\/v2\/media?parent=748"}],"wp:term":[{"taxonomy":"category","embeddable":true,"href":"https:\/\/blogs2.correiobraziliense.com.br\/vicente\/wp-json\/wp\/v2\/categories?post=748"},{"taxonomy":"post_tag","embeddable":true,"href":"https:\/\/blogs2.correiobraziliense.com.br\/vicente\/wp-json\/wp\/v2\/tags?post=748"}],"curies":[{"name":"wp","href":"https:\/\/api.w.org\/{rel}","templated":true}]}}