{"id":75,"date":"2015-03-30T16:16:00","date_gmt":"2015-03-30T19:16:00","guid":{"rendered":"https:\/\/blogs2.correiobraziliense.com.br\/vicente\/cabide_de_emprego_para_companheiros_derrotados\/"},"modified":"2015-03-30T16:16:00","modified_gmt":"2015-03-30T19:16:00","slug":"cabide_de_emprego_para_companheiros_derrotados","status":"publish","type":"post","link":"https:\/\/blogs2.correiobraziliense.com.br\/vicente\/cabide_de_emprego_para_companheiros_derrotados\/","title":{"rendered":"CABIDE DE EMPREGO PARA COMPANHEIROS DERROTADOS"},"content":{"rendered":"\n<p>Jos\u00e9 Antonio Bacchim, candidato derrotado a deputado estadual e ex-prefeito do PT em Sumar\u00e9, ser\u00e1 anunciado ainda hoje presidente da Autoridade Municipal de Limpeza Urbana de S\u00e3o Paulo (Amlurb), \u00f3rg\u00e3o que fiscaliza os contratos das empresas de varri\u00e7\u00e3o e coleta de lixo na cidade de S\u00e3o Paulo. Ele substituir\u00e1 Silvano Silv\u00e9rio da Costa, engenheiro civil e mestre em recursos h\u00eddricos e ambiente urbano, que deixou a autarquia no in\u00edcio de fevereiro. <\/p>\n<p>O nome de Bacchim provocou mal-estar tanto dentro quanto fora da Amlurb. Em outubro do ano passado, o Conselho da Segunda C\u00e2mara do Tribunal de Contas do Estado de S\u00e3o Paulo (TCE-SP) reprovou as contas, relativas ao exerc\u00edcio fiscal de 2012, da Prefeitura de Sumar\u00e9, durante o mandato de Bacchim. Naquele ano, ele foi condenado por improbidade administrativa, decis\u00e3o que foi mantida em agosto de 2014 pelo Tribunal de Justi\u00e7a. <\/p>\n<p>Al\u00e9m do hist\u00f3rico ruim, outra preocupa\u00e7\u00e3o \u00e9 a falta de conhecimento de Bacchim sobre a \u00e1rea que dever\u00e1 cuidar. Em Sumar\u00e9, onde ele foi prefeito, ainda n\u00e3o h\u00e1 um aterro sanit\u00e1rio e todos os res\u00edduos s\u00e3o levados para Paul\u00ednia, em um aterro privado. Tamb\u00e9m causa desconforto o fato de a prefeitura de S\u00e3o Paulo ser conhecida por abrigar os derrotados das \u00faltimas elei\u00e7\u00f5es. Alexandre Padilha e Eduardo Suplicy j\u00e1 fazem parte dos quadros da gest\u00e3o Fernando Haddad. <\/p>\n<p>Bras\u00edlia, 16h15min <\/p>\n","protected":false},"excerpt":{"rendered":"<p>Jos\u00e9 Antonio Bacchim, candidato derrotado a deputado estadual e ex-prefeito do PT em Sumar\u00e9, ser\u00e1 anunciado ainda hoje presidente da Autoridade Municipal de Limpeza Urbana de S\u00e3o Paulo (Amlurb), \u00f3rg\u00e3o que fiscaliza os contratos das empresas de varri\u00e7\u00e3o e coleta de lixo na cidade de S\u00e3o Paulo. Ele substituir\u00e1 Silvano Silv\u00e9rio da Costa, engenheiro civil [&hellip;]<\/p>\n","protected":false},"author":22,"featured_media":0,"comment_status":"open","ping_status":"open","sticky":false,"template":"","format":"standard","meta":{"wpb_read_more":[],"footnotes":""},"categories":[1],"tags":[],"class_list":["post-75","post","type-post","status-publish","format-standard","hentry","category-sem-categoria"],"_links":{"self":[{"href":"https:\/\/blogs2.correiobraziliense.com.br\/vicente\/wp-json\/wp\/v2\/posts\/75","targetHints":{"allow":["GET"]}}],"collection":[{"href":"https:\/\/blogs2.correiobraziliense.com.br\/vicente\/wp-json\/wp\/v2\/posts"}],"about":[{"href":"https:\/\/blogs2.correiobraziliense.com.br\/vicente\/wp-json\/wp\/v2\/types\/post"}],"author":[{"embeddable":true,"href":"https:\/\/blogs2.correiobraziliense.com.br\/vicente\/wp-json\/wp\/v2\/users\/22"}],"replies":[{"embeddable":true,"href":"https:\/\/blogs2.correiobraziliense.com.br\/vicente\/wp-json\/wp\/v2\/comments?post=75"}],"version-history":[{"count":0,"href":"https:\/\/blogs2.correiobraziliense.com.br\/vicente\/wp-json\/wp\/v2\/posts\/75\/revisions"}],"wp:attachment":[{"href":"https:\/\/blogs2.correiobraziliense.com.br\/vicente\/wp-json\/wp\/v2\/media?parent=75"}],"wp:term":[{"taxonomy":"category","embeddable":true,"href":"https:\/\/blogs2.correiobraziliense.com.br\/vicente\/wp-json\/wp\/v2\/categories?post=75"},{"taxonomy":"post_tag","embeddable":true,"href":"https:\/\/blogs2.correiobraziliense.com.br\/vicente\/wp-json\/wp\/v2\/tags?post=75"}],"curies":[{"name":"wp","href":"https:\/\/api.w.org\/{rel}","templated":true}]}}