{"id":753,"date":"2016-04-08T15:40:45","date_gmt":"2016-04-08T18:40:45","guid":{"rendered":"https:\/\/blogs2.correiobraziliense.com.br\/vicente\/?p=753"},"modified":"2016-04-08T15:41:36","modified_gmt":"2016-04-08T18:41:36","slug":"dentro-do-governo-ha-relatorios-mostrando-que-sem-impeachment-de-dilma-pais-mergulhara-na-depressao","status":"publish","type":"post","link":"https:\/\/blogs2.correiobraziliense.com.br\/vicente\/dentro-do-governo-ha-relatorios-mostrando-que-sem-impeachment-de-dilma-pais-mergulhara-na-depressao\/","title":{"rendered":"DENTRO DO GOVERNO, H\u00c1 RELAT\u00d3RIOS MOSTRANDO QUE, SEM IMPEACHMENT DE DILMA, PA\u00cdS MERGULHAR\u00c1 NA DEPRESS\u00c3O"},"content":{"rendered":"<p>\u00c9 muito comum dentro do governo fazer proje\u00e7\u00f5es para a economia. T\u00e9cnicos s\u00e3o obrigados a, constantemente, elaborar cen\u00e1rios de forma que possam tra\u00e7ar diagn\u00f3sticos mais claros do que est\u00e1 acontecendo com a atividade e, sempre que poss\u00edvel, preparar medidas que revertam os problemas.<\/p>\n<p>&nbsp;<\/p>\n<p>Num dos cen\u00e1rios preparados, os t\u00e9cnicos destacam os efeitos na economia da perman\u00eancia de Dilma Rousseff no poder at\u00e9 o fim de 2018. A constata\u00e7\u00e3o \u00e9 dram\u00e1tica. O risco de o pa\u00eds mergulhar na depress\u00e3o \u00e9 alt\u00edssimo, com queda do Produto Interno Bruto (PIB) por pelo menos tr\u00eas anos seguidos.<\/p>\n<p>&nbsp;<\/p>\n<p>Na avalia\u00e7\u00e3o dos t\u00e9cnicos, que tamb\u00e9m tra\u00e7am cen\u00e1rios menos catastr\u00f3ficos, a recusa do impeachment poder\u00e1 promover uma forte contra\u00e7\u00e3o financeira, sobretudo se Dilma optar pelo populismo. O quadro prev\u00ea disparada do d\u00f3lar, que puxar\u00e1 a infla\u00e7\u00e3o para cima, aumento dos juros e restri\u00e7\u00e3o sem precedentes do cr\u00e9dito, al\u00e9m de queda na bolsa de valores.<\/p>\n<p>&nbsp;<\/p>\n<p>N\u00e3o por acaso, o sinal de alerta foi ligado. Na vis\u00e3o dos t\u00e9cnicos, se derrubar o impeachment, Dilma ter\u00e1 que promover uma r\u00e1pida e profunda guinada da economia, anunciando um ajuste fiscal consistente, para tentar resgatar a confian\u00e7a. Se n\u00e3o fizer isso, empurrar\u00e1 o pa\u00eds para o pior dos mundos.<\/p>\n<p>&nbsp;<\/p>\n<p>Um quadro semelhante, mas bem menos profundo, pode ser observado entre agosto e setembro de 2015, quando o governo enviou para o Congresso um projeto or\u00e7ament\u00e1rio prevendo deficit de R$ 30,5 bilh\u00f5es nas contas p\u00fablicas. Ali, ficou claro que o compromisso do governo com o ajuste fiscal era uma farsa. Tanto que, meses depois, Joaquim Levy deixou o Minist\u00e9rio da Fazenda. O d\u00f3lar encostou nos R$ 4,25, a bolsa derreteu, o cr\u00e9dito sumiu e o Brasil perdeu o grau de investimentos pela tr\u00eas principais ag\u00eancias de classifica\u00e7\u00e3o de risco do planeta.<\/p>\n<p>&nbsp;<\/p>\n<p><em>Bras\u00edlia, 15h40min<\/em><\/p>\n","protected":false},"excerpt":{"rendered":"<p>\u00c9 muito comum dentro do governo fazer proje\u00e7\u00f5es para a economia. T\u00e9cnicos s\u00e3o obrigados a, constantemente, elaborar cen\u00e1rios de forma que possam tra\u00e7ar diagn\u00f3sticos mais claros do que est\u00e1 acontecendo com a atividade e, sempre que poss\u00edvel, preparar medidas que revertam os problemas. &nbsp; Num dos cen\u00e1rios preparados, os t\u00e9cnicos destacam os efeitos na economia [&hellip;]<\/p>\n","protected":false},"author":22,"featured_media":0,"comment_status":"open","ping_status":"closed","sticky":false,"template":"","format":"standard","meta":{"wpb_read_more":[],"footnotes":""},"categories":[1],"tags":[],"class_list":["post-753","post","type-post","status-publish","format-standard","hentry","category-sem-categoria"],"_links":{"self":[{"href":"https:\/\/blogs2.correiobraziliense.com.br\/vicente\/wp-json\/wp\/v2\/posts\/753","targetHints":{"allow":["GET"]}}],"collection":[{"href":"https:\/\/blogs2.correiobraziliense.com.br\/vicente\/wp-json\/wp\/v2\/posts"}],"about":[{"href":"https:\/\/blogs2.correiobraziliense.com.br\/vicente\/wp-json\/wp\/v2\/types\/post"}],"author":[{"embeddable":true,"href":"https:\/\/blogs2.correiobraziliense.com.br\/vicente\/wp-json\/wp\/v2\/users\/22"}],"replies":[{"embeddable":true,"href":"https:\/\/blogs2.correiobraziliense.com.br\/vicente\/wp-json\/wp\/v2\/comments?post=753"}],"version-history":[{"count":2,"href":"https:\/\/blogs2.correiobraziliense.com.br\/vicente\/wp-json\/wp\/v2\/posts\/753\/revisions"}],"predecessor-version":[{"id":755,"href":"https:\/\/blogs2.correiobraziliense.com.br\/vicente\/wp-json\/wp\/v2\/posts\/753\/revisions\/755"}],"wp:attachment":[{"href":"https:\/\/blogs2.correiobraziliense.com.br\/vicente\/wp-json\/wp\/v2\/media?parent=753"}],"wp:term":[{"taxonomy":"category","embeddable":true,"href":"https:\/\/blogs2.correiobraziliense.com.br\/vicente\/wp-json\/wp\/v2\/categories?post=753"},{"taxonomy":"post_tag","embeddable":true,"href":"https:\/\/blogs2.correiobraziliense.com.br\/vicente\/wp-json\/wp\/v2\/tags?post=753"}],"curies":[{"name":"wp","href":"https:\/\/api.w.org\/{rel}","templated":true}]}}