{"id":757,"date":"2016-04-12T11:36:27","date_gmt":"2016-04-12T14:36:27","guid":{"rendered":"https:\/\/blogs2.correiobraziliense.com.br\/vicente\/?p=757"},"modified":"2016-04-12T11:58:10","modified_gmt":"2016-04-12T14:58:10","slug":"na-ponta-das-investigacoes-os-fundos-de-pensao","status":"publish","type":"post","link":"https:\/\/blogs2.correiobraziliense.com.br\/vicente\/na-ponta-das-investigacoes-os-fundos-de-pensao\/","title":{"rendered":"NA PONTA DAS INVESTIGA\u00c7\u00d5ES, OS FUNDOS DE PENS\u00c3O"},"content":{"rendered":"<p>A nova fase da Opera\u00e7\u00e3o Lava-Jato, que levou para a cadeia o ex-senador Gim Argello, poder\u00e1 desaguar nos fundos de pens\u00e3o de estatais, mais precisamente na Previ (dos empregados do Banco do Brasil), na Funcef (Caixa Econ\u00f4mica Federal) e Petros (Petrobras).<\/p>\n<p>&nbsp;<\/p>\n<p>Os tr\u00eas fundos s\u00e3o s\u00f3cios da empreiteira OAS na Invepar, cujo presidente, Gustavo Nunes da Silva Rocha, foi levado pela PF para prestar depoimento de forma coercitiva. H\u00e1 suspeitas de que a parceria entre as funda\u00e7\u00f5es e a construtora envolva negociatas pol\u00edticas e, no fim da linha, propinas.<\/p>\n<p>&nbsp;<\/p>\n<p>N\u00e3o custa lembrar que Previ, Funcef e Petros acumulam deficit atuarial de quase R$ 50 bilh\u00f5es devido a neg\u00f3cios de p\u00e9ssima qualidade fechados pelas funda\u00e7\u00f5es. O uso pol\u00edtico dos fundos de pens\u00e3o foi investigado por uma CPI, cujo relat\u00f3rio final deve sair hoje e deve dar em pizza, como a CPI da Petrobras, na qual Gim Argello interveio e conseguiu evitar os depoimentos de empreiteiros. Para isso, embolsou R$ 5 milh\u00f5es.<\/p>\n<p>&nbsp;<\/p>\n<p><i>Bras\u00edlia, 11h33min<\/i><\/p>\n","protected":false},"excerpt":{"rendered":"<p>A nova fase da Opera\u00e7\u00e3o Lava-Jato, que levou para a cadeia o ex-senador Gim Argello, poder\u00e1 desaguar nos fundos de pens\u00e3o de estatais, mais precisamente na Previ (dos empregados do Banco do Brasil), na Funcef (Caixa Econ\u00f4mica Federal) e Petros (Petrobras). &nbsp; Os tr\u00eas fundos s\u00e3o s\u00f3cios da empreiteira OAS na Invepar, cujo presidente, Gustavo [&hellip;]<\/p>\n","protected":false},"author":22,"featured_media":0,"comment_status":"open","ping_status":"closed","sticky":false,"template":"","format":"standard","meta":{"wpb_read_more":[],"footnotes":""},"categories":[1],"tags":[],"class_list":["post-757","post","type-post","status-publish","format-standard","hentry","category-sem-categoria"],"_links":{"self":[{"href":"https:\/\/blogs2.correiobraziliense.com.br\/vicente\/wp-json\/wp\/v2\/posts\/757","targetHints":{"allow":["GET"]}}],"collection":[{"href":"https:\/\/blogs2.correiobraziliense.com.br\/vicente\/wp-json\/wp\/v2\/posts"}],"about":[{"href":"https:\/\/blogs2.correiobraziliense.com.br\/vicente\/wp-json\/wp\/v2\/types\/post"}],"author":[{"embeddable":true,"href":"https:\/\/blogs2.correiobraziliense.com.br\/vicente\/wp-json\/wp\/v2\/users\/22"}],"replies":[{"embeddable":true,"href":"https:\/\/blogs2.correiobraziliense.com.br\/vicente\/wp-json\/wp\/v2\/comments?post=757"}],"version-history":[{"count":3,"href":"https:\/\/blogs2.correiobraziliense.com.br\/vicente\/wp-json\/wp\/v2\/posts\/757\/revisions"}],"predecessor-version":[{"id":760,"href":"https:\/\/blogs2.correiobraziliense.com.br\/vicente\/wp-json\/wp\/v2\/posts\/757\/revisions\/760"}],"wp:attachment":[{"href":"https:\/\/blogs2.correiobraziliense.com.br\/vicente\/wp-json\/wp\/v2\/media?parent=757"}],"wp:term":[{"taxonomy":"category","embeddable":true,"href":"https:\/\/blogs2.correiobraziliense.com.br\/vicente\/wp-json\/wp\/v2\/categories?post=757"},{"taxonomy":"post_tag","embeddable":true,"href":"https:\/\/blogs2.correiobraziliense.com.br\/vicente\/wp-json\/wp\/v2\/tags?post=757"}],"curies":[{"name":"wp","href":"https:\/\/api.w.org\/{rel}","templated":true}]}}