{"id":76,"date":"2015-03-31T09:39:00","date_gmt":"2015-03-31T12:39:00","guid":{"rendered":"https:\/\/blogs2.correiobraziliense.com.br\/vicente\/puro_pragmatismo\/"},"modified":"2015-03-31T09:39:00","modified_gmt":"2015-03-31T12:39:00","slug":"puro_pragmatismo","status":"publish","type":"post","link":"https:\/\/blogs2.correiobraziliense.com.br\/vicente\/puro_pragmatismo\/","title":{"rendered":"PURO PRAGMATISMO"},"content":{"rendered":"\n<p>A presidente Dilma Rousseff e o ministro da Fazenda, Joaquim Levy, deram ontem a mais clara demonstra\u00e7\u00e3o de como est\u00e3o ligados umbilicalmente e dependentes um do outro. N\u00e3o h\u00e1 como a petista levar o seu governo adiante sem o sucesso do programa de ajuste fiscal proposto pelo subordinado, e n\u00e3o h\u00e1 como Levy pular do barco agora, como se fosse um derrotado. Ele sabe o tamanho do cacife que ter\u00e1 caso consiga resgatar a credibilidade do pa\u00eds. <\/p>\n<p>Os afagos trocados publicamente entre os dois \u2014 Dilma, no Par\u00e1; Levy, em S\u00e3o Paulo \u2014 foram estrategicamente acertados. Puro pragmatismo. Com o governo fragilizado politicamente, a economia no atoleiro e a popularidade presidencial no ch\u00e3o, n\u00e3o h\u00e1 por que haver um rompimento do projeto que, no Planalto, \u00e9 chamado de \u201csalva\u00e7\u00e3o\u201d. <\/p>\n<p>Num primeiro momento, quando soube, por meio de assessores, das declara\u00e7\u00f5es do ministro da Fazenda em um semin\u00e1rio em S\u00e3o Paulo, a presidente demonstrou certo desconforto. Mas o r\u00e1pido esclarecimento feito diretamente por Levy e o respeito que demonstrou \u00e0 chefe reverteram qualquer possibilidade de tens\u00e3o entre os dois. <\/p>\n<p>Houve, sim, integrantes do Pal\u00e1cio do Planalto que tentaram insuflar um conflito entre Dilma e Levy. Alguns passaram para a m\u00eddia a vers\u00e3o de crise instalada diante da frase do ministro que se tornou p\u00fablica no \u00faltimo fim de semana: \u201cH\u00e1 um certo desejo genu\u00edno da presidente de acertar as coisas, \u00e0s vezes n\u00e3o da maneira mais f\u00e1cil, n\u00e3o da maneira mais efetiva, mas h\u00e1 um desejo genu\u00edno\u201d. Antes, por\u00e9m, que o fogo amigo atingisse o objetivo, presidente e ministro trataram de agir. <\/p>\n<p>Desde que passaram a conviver diariamente \u2014 s\u00e3o muitas as conversas pessoalmente e por telefone \u2014, as barreiras entre Dilma e o ministro se desfizeram por completo. At\u00e9 mais r\u00e1pido do que acreditavam aliados de primeira hora da petista. Assim que o nome de Levy passou a circular como poss\u00edvel chefe da equipe econ\u00f4mica, Guido Mantega, ent\u00e3o ministro da Fazenda, tratou de difundir a vers\u00e3o de que \u201cjamais\u201d Dilma nomearia uma pessoa com o pensamento de Levy para o cargo mais importante da Esplanada. Errou feio, assim como o fez na condu\u00e7\u00e3o da economia. <\/p>\n<p>A afinidade entre Dilma e Levy acalmou os mercados, mas n\u00e3o reverter\u00e1, t\u00e3o cedo, a deteriora\u00e7\u00e3o das expectativas dos agentes econ\u00f4micos. Dados do Banco Central mostram que nunca se viu um processo t\u00e3o r\u00e1pido de piora nas proje\u00e7\u00f5es dos analistas, como de dezembro para c\u00e1. Na \u00faltima pesquisa Focus de 2014, as estimativas apontavam para crescimento de 0,55% do Produto Interno Bruto (PIB) em 2015 e infla\u00e7\u00e3o de 6,59%. Agora, fala-se em retra\u00e7\u00e3o de 1% na atividade e custo de vida de 8,13%. <\/p>\n<p>Ningu\u00e9m descarta novos desacertos nas falas de Levy, que se tornou mestre em ser ratificado por sua assessoria. \u00c9 o \u00f4nus de ser a refer\u00eancia de credibilidade dentro do governo. Poderia dividir a tarefa com o presidente do Banco Central, Alexandre Tombini, e com o ministro do Planejamento, Nelson Barbosa. O problema \u00e9 que os dois fizeram parte do desastroso primeiro mandato de Dilma. Foram respons\u00e1veis por parte das medidas que levaram o pa\u00eds para o abismo. <\/p>\n<p><b>Projetando o caos<\/b> <\/p>\n<p>\u00bb Em meio ao nervosismo inicial dos investidores diante de um poss\u00edvel rompimento entre Dilma e Joaquim Levy, alguns operadores tra\u00e7aram um quadro assustador para o pa\u00eds: d\u00f3lar rompendo os R$ 4 e juros futuros disparando para, no m\u00ednimo, 16%. \u201cSeria o caos que o ministro da Fazenda est\u00e1 fazendo de tudo para evitar\u201d, diz um executivo do sistema financeiro. <\/p>\n<p><b>Viva a ortodoxia<\/b> <\/p>\n<p>\u00bb Quem acompanha o dia a dia da economia garante que o pr\u00f3ximo presidente da Rep\u00fablica, seja de que partido for, pensar\u00e1 mil vezes antes de mexer com o trip\u00e9 c\u00e2mbio flutuante, metas de infla\u00e7\u00e3o e equil\u00edbrio fiscal. O resultado colhido por Dilma ao abrir m\u00e3o dessa receita foi t\u00e3o desastroso, a ponto de a petista correr o risco de n\u00e3o terminar o mandato, que a ortodoxia tender\u00e1 a prevalecer nos governos que forem empossados. <\/p>\n<p><b>Sinal de alerta<\/b> <\/p>\n<p>\u00bb O Minist\u00e9rio da Fazenda anda preocupado com a quantidade de empresas brasileiras que est\u00e3o tendo as notas de cr\u00e9dito rebaixadas pelas ag\u00eancias de classifica\u00e7\u00e3o de risco. Assessores de Levy temem o fechamento completo do mercado internacional \u00e0s companhias, o que pode criar a impress\u00e3o de dificuldades para o financiamento do rombo externo do pa\u00eds, que est\u00e1 em 4,2% do PIB. <\/p>\n<p><b>Partido da boquinha<\/b> <\/p>\n<p>\u00bb Est\u00e1 para acabar a quarentena do ex-ministro da Fazenda Guido Mantega e do ex-secret\u00e1rio do Tesouro Arno Augustin. Muita gente no governo anda se perguntando de que forma Dilma recompensar\u00e1 os dois executores da pol\u00edtica que levou o Brasil para a recess\u00e3o e o desemprego. N\u00e3o se pode esquecer, como bem frisou o ex-governador do Rio de Janeiro Anthony Garotinho, de que o PT \u00e9 \u201co partido da boquinha\u201d. E n\u00e3o deixa companheiros no sereno. <\/p>\n<p>Bras\u00edlia, 09h40min   <\/p>\n","protected":false},"excerpt":{"rendered":"<p>A presidente Dilma Rousseff e o ministro da Fazenda, Joaquim Levy, deram ontem a mais clara demonstra\u00e7\u00e3o de como est\u00e3o ligados umbilicalmente e dependentes um do outro. N\u00e3o h\u00e1 como a petista levar o seu governo adiante sem o sucesso do programa de ajuste fiscal proposto pelo subordinado, e n\u00e3o h\u00e1 como Levy pular do [&hellip;]<\/p>\n","protected":false},"author":22,"featured_media":0,"comment_status":"open","ping_status":"open","sticky":false,"template":"","format":"standard","meta":{"wpb_read_more":[],"footnotes":""},"categories":[1],"tags":[],"class_list":["post-76","post","type-post","status-publish","format-standard","hentry","category-sem-categoria"],"_links":{"self":[{"href":"https:\/\/blogs2.correiobraziliense.com.br\/vicente\/wp-json\/wp\/v2\/posts\/76","targetHints":{"allow":["GET"]}}],"collection":[{"href":"https:\/\/blogs2.correiobraziliense.com.br\/vicente\/wp-json\/wp\/v2\/posts"}],"about":[{"href":"https:\/\/blogs2.correiobraziliense.com.br\/vicente\/wp-json\/wp\/v2\/types\/post"}],"author":[{"embeddable":true,"href":"https:\/\/blogs2.correiobraziliense.com.br\/vicente\/wp-json\/wp\/v2\/users\/22"}],"replies":[{"embeddable":true,"href":"https:\/\/blogs2.correiobraziliense.com.br\/vicente\/wp-json\/wp\/v2\/comments?post=76"}],"version-history":[{"count":0,"href":"https:\/\/blogs2.correiobraziliense.com.br\/vicente\/wp-json\/wp\/v2\/posts\/76\/revisions"}],"wp:attachment":[{"href":"https:\/\/blogs2.correiobraziliense.com.br\/vicente\/wp-json\/wp\/v2\/media?parent=76"}],"wp:term":[{"taxonomy":"category","embeddable":true,"href":"https:\/\/blogs2.correiobraziliense.com.br\/vicente\/wp-json\/wp\/v2\/categories?post=76"},{"taxonomy":"post_tag","embeddable":true,"href":"https:\/\/blogs2.correiobraziliense.com.br\/vicente\/wp-json\/wp\/v2\/tags?post=76"}],"curies":[{"name":"wp","href":"https:\/\/api.w.org\/{rel}","templated":true}]}}