{"id":763,"date":"2016-04-12T00:29:32","date_gmt":"2016-04-12T03:29:32","guid":{"rendered":"https:\/\/blogs2.correiobraziliense.com.br\/vicente\/?p=763"},"modified":"2016-04-13T09:13:53","modified_gmt":"2016-04-13T12:13:53","slug":"decepcao-com-ministro","status":"publish","type":"post","link":"https:\/\/blogs2.correiobraziliense.com.br\/vicente\/decepcao-com-ministro\/","title":{"rendered":"DECEP\u00c7\u00c3O COM MINISTRO"},"content":{"rendered":"<p>ANTONIO TEM\u00d3TEO<\/p>\n<p>&nbsp;<\/p>\n<p>\u00bb Enquanto aguardava um voo para Bras\u00edlia no aeroporto de Miami na \u00faltima sexta-feira, o presidente do Conselho Administrativo de Defesa Econ\u00f4mica (Cade), Vinicius Marques de Carvalho, se queixou que o ministro da Justi\u00e7a, Eug\u00eanio Arag\u00e3o, n\u00e3o lhe havia telefonado para marcar uma audi\u00eancia desde que tomou posse na pasta, em 15 de mar\u00e7o. Carvalho estava acompanhado do tamb\u00e9m conselheiro do Cade M\u00e1rcio de Oliveira J\u00fanior. Os dois participaram na \u00faltima semana de dois eventos em Washington, capital dos Estados Unidos, sobre defesa da concorr\u00eancia.<\/p>\n<p>&nbsp;<\/p>\n<p><b>Impeachment e indica\u00e7\u00f5es<\/b><\/p>\n<p>&nbsp;<\/p>\n<p>\u00bb Outro assunto da conversa entre Vinicius Carvalho, M\u00e1rio de Oliveira J\u00fanior e um companheiro de viagem era o impeachment da presidente Dilma Rousseff. Os dois integrantes do Cade avaliaram que, se a C\u00e2mara dos Deputados recomendar a abertura do processo, dificilmente ela conseguir\u00e1 permanecer no cargo. Carvalho admitiu que as indica\u00e7\u00f5es pol\u00edticas s\u00e3o uma realidade em Bras\u00edlia e no Cade. Um exemplo, disse, foi a indica\u00e7\u00e3o do conselheiro Alexandre Cordeiro Macedo, ligado ao PP. A irm\u00e3 dele trabalha com o presidente do partido, senador Ciro Nogueira (PI).<\/p>\n","protected":false},"excerpt":{"rendered":"<p>ANTONIO TEM\u00d3TEO &nbsp; \u00bb Enquanto aguardava um voo para Bras\u00edlia no aeroporto de Miami na \u00faltima sexta-feira, o presidente do Conselho Administrativo de Defesa Econ\u00f4mica (Cade), Vinicius Marques de Carvalho, se queixou que o ministro da Justi\u00e7a, Eug\u00eanio Arag\u00e3o, n\u00e3o lhe havia telefonado para marcar uma audi\u00eancia desde que tomou posse na pasta, em 15 [&hellip;]<\/p>\n","protected":false},"author":22,"featured_media":0,"comment_status":"open","ping_status":"closed","sticky":false,"template":"","format":"standard","meta":{"wpb_read_more":[],"footnotes":""},"categories":[1],"tags":[],"class_list":["post-763","post","type-post","status-publish","format-standard","hentry","category-sem-categoria"],"_links":{"self":[{"href":"https:\/\/blogs2.correiobraziliense.com.br\/vicente\/wp-json\/wp\/v2\/posts\/763","targetHints":{"allow":["GET"]}}],"collection":[{"href":"https:\/\/blogs2.correiobraziliense.com.br\/vicente\/wp-json\/wp\/v2\/posts"}],"about":[{"href":"https:\/\/blogs2.correiobraziliense.com.br\/vicente\/wp-json\/wp\/v2\/types\/post"}],"author":[{"embeddable":true,"href":"https:\/\/blogs2.correiobraziliense.com.br\/vicente\/wp-json\/wp\/v2\/users\/22"}],"replies":[{"embeddable":true,"href":"https:\/\/blogs2.correiobraziliense.com.br\/vicente\/wp-json\/wp\/v2\/comments?post=763"}],"version-history":[{"count":2,"href":"https:\/\/blogs2.correiobraziliense.com.br\/vicente\/wp-json\/wp\/v2\/posts\/763\/revisions"}],"predecessor-version":[{"id":766,"href":"https:\/\/blogs2.correiobraziliense.com.br\/vicente\/wp-json\/wp\/v2\/posts\/763\/revisions\/766"}],"wp:attachment":[{"href":"https:\/\/blogs2.correiobraziliense.com.br\/vicente\/wp-json\/wp\/v2\/media?parent=763"}],"wp:term":[{"taxonomy":"category","embeddable":true,"href":"https:\/\/blogs2.correiobraziliense.com.br\/vicente\/wp-json\/wp\/v2\/categories?post=763"},{"taxonomy":"post_tag","embeddable":true,"href":"https:\/\/blogs2.correiobraziliense.com.br\/vicente\/wp-json\/wp\/v2\/tags?post=763"}],"curies":[{"name":"wp","href":"https:\/\/api.w.org\/{rel}","templated":true}]}}