{"id":767,"date":"2016-04-13T09:20:08","date_gmt":"2016-04-13T12:20:08","guid":{"rendered":"https:\/\/blogs2.correiobraziliense.com.br\/vicente\/?p=767"},"modified":"2016-04-13T09:20:08","modified_gmt":"2016-04-13T12:20:08","slug":"pais-empacado","status":"publish","type":"post","link":"https:\/\/blogs2.correiobraziliense.com.br\/vicente\/pais-empacado\/","title":{"rendered":"PA\u00cdS EMPACADO"},"content":{"rendered":"<p>PAULO SILVA PINTO<\/p>\n<p>&nbsp;<\/p>\n<p>Os investidores estrangeiros v\u00eam acompanhando com aten\u00e7\u00e3o redobrada o que est\u00e1 acontecendo nesta semana no Brasil, e veem com certa apreens\u00e3o o cen\u00e1rio nas pr\u00f3ximas semanas e meses. As apostas predominantes no mercado, aqui e fora, s\u00e3o de que Michel Temer passe do anexo do Planalto ao quarto andar do pr\u00e9dio principal no in\u00edcio de maio. N\u00e3o ter\u00e1 ainda assumido oficialmente a Presid\u00eancia, mas, uma vez instalado no gabinete presidencial, as chances de Dilma Rousseff tir\u00e1-lo e l\u00e1, escapando do impeachment no Senado, ser\u00e3o muito pr\u00f3ximas de zero \u2014 n\u00e3o \u00e9 o caso, ainda, das chances atuais de ela permanecer no cargo.<\/p>\n<p>&nbsp;<\/p>\n<p>A vida de Temer n\u00e3o ser\u00e1 f\u00e1cil, o que ele admite, ali\u00e1s, no pronunciamento \u00e0 na\u00e7\u00e3o que, segundo sua assessoria, foi divulgado por engano. H\u00e1 chances bem razo\u00e1veis de que, convertido em chefe de Estado e de governo, Temer consiga alguns avan\u00e7os na economia, mas isso n\u00e3o deve ser superestimado, avaliam analistas. \u201cO ambiente pol\u00edtico continuar\u00e1 t\u00f3xico\u201d, alerta Jo\u00e3o Augusto de Castro Neves, diretor para a Am\u00e9rica Latina da Eurasia, consultoria global especializada nas consequ\u00eancias da pol\u00edtica para o mundo dos neg\u00f3cios.<\/p>\n<p>&nbsp;<\/p>\n<p>O balan\u00e7o atual de apoio parlamentar deve mudar com a incorpora\u00e7\u00e3o de parte da oposi\u00e7\u00e3o ao governo \u2014 PSDB, PSB e DEM s\u00e3o fortes candidatos a um governo de coaliz\u00e3o. Haver\u00e1, ainda, a soma do PMDB oposicionista \u00e0 bancada. E grande parte dos que integram a base governista hoje dever\u00e1 continuar, sobretudo os pequenos partidos que negociam abertamente cargos e verbas. Mas, obviamente, Temer n\u00e3o poder\u00e1 contar com o PT, que far\u00e1 uma oposi\u00e7\u00e3o ruidosa no Congresso e nas ruas. Voltaremos a ver a for\u00e7a desse grupo como entrave, reprisando a \u00e9poca do governo tucano. E o PC do B dever\u00e1 colaborar nessa tarefa.<\/p>\n<p>&nbsp;<\/p>\n<p>Nesse cen\u00e1rio, s\u00e3o pequenas as chances de aprova\u00e7\u00e3o de grandes reformas, como a da Previd\u00eancia, que traria melhora das perspectivas para a d\u00edvida p\u00fablica a longo prazo, resultando em ganho imediato na percep\u00e7\u00e3o de risco do pa\u00eds e no custo de financiamento.\u00a0Outra grande reforma vista como necess\u00e1ria pelo mercado \u00e9 a trabalhista, que poderia reduzir custos dos neg\u00f3cios ao diminuir a despesa para demiss\u00f5es, por exemplo \u2014 as chances de isso passar em um cen\u00e1rio de alta do desemprego s\u00e3o abaixo de zero.<\/p>\n<p>&nbsp;<\/p>\n<p>H\u00e1, ainda, a tribut\u00e1ria, tamb\u00e9m muito dif\u00edcil, por envolver conflitos regionais. Se isso n\u00e3o foi poss\u00edvel nem mesmo a chefes de Estado sagrados pelas urnas, que desfrutaram lua de mel no Legislativo, n\u00e3o se pode esperar isso de um presidente que chega como substituto, em um ambiente conflagrado.<\/p>\n<p>&nbsp;<\/p>\n<p>O que ser\u00e1 poss\u00edvel fazer, ent\u00e3o? Por exemplo, aponta Castro Neves, a flexibiliza\u00e7\u00e3o do regime de partilha, permitindo que a Petrobras tenha participa\u00e7\u00e3o menor no Pr\u00e9-Sal. Ou a independ\u00eancia do Banco Central, com mandatos fixos para o presidente e os diretores e a obriga\u00e7\u00e3o de cumprir metas de infla\u00e7\u00e3o, mas tamb\u00e9m observando crit\u00e9rios de emprego e crescimento, como faz o Fed, o banco central norte-americano. Nos dois casos, tratam-se de propostas que s\u00e3o amplamente defendidas pelo presidente do Senado, Renan Calheiros (PMDB-AL), da\u00ed as grandes chances de serem aprovadas.<\/p>\n<p>&nbsp;<\/p>\n<p>S\u00e3o mudan\u00e7as significativas, mas que est\u00e3o longe de ajudar a evitar o deficit prim\u00e1rio de 1,5% do Produto Interno Bruto (PIB) esperado para este ano \u2014 seria necess\u00e1rio superavit de pelo menos 3% para levar a d\u00edvida p\u00fablica a uma trajet\u00f3ria sustent\u00e1vel.<\/p>\n<p>&nbsp;<\/p>\n<p>O deputado Beto Mansur (PRB-SP), primeiro-secret\u00e1rio da C\u00e2mara, acredita que ser\u00e1, sim, poss\u00edvel aprovar reformas significativas em um eventual governo Temer. Ele aposta em um grande programa de concess\u00f5es de rodovias e, at\u00e9 mesmo, de privatiza\u00e7\u00e3o de algumas estatais. Mas isso s\u00f3 ser\u00e1 poss\u00edvel para a etapa posterior, depois que o novo presidente estiver, de fato, empossado no cargo.<\/p>\n<p>&nbsp;<\/p>\n<p>At\u00e9 l\u00e1, o caminho ser\u00e1 longo e dif\u00edcil. Temer enfrentar\u00e1 ainda o risco de cassa\u00e7\u00e3o da chapa pelo Tribunal Superior Eleitoral (TSE). Para a Eurasia, a chance de ele ter de deixar o cargo antes do fim de 2018 \u00e9 razo\u00e1vel: 35%. Bem menos, certamente, aos 70% atribu\u00eddos \u00e0s chances de sa\u00edda de Dilma antes mesmo da vota\u00e7\u00e3o na comiss\u00e3o de impeachment e das defec\u00e7\u00f5es que o governo sofreu ontem ao longo do dia no Congresso.<\/p>\n<p>&nbsp;<\/p>\n<p><b>Recess\u00e3o atrapalha<\/b><\/p>\n<p>&nbsp;<\/p>\n<p>As chances de Temer ficar no cargo e de,uma vez l\u00e1, conseguir aprovar medidas transformadoras, tendem a diminuir no caso de a recess\u00e3o continuar se agravando. Ontem, o Ita\u00fa destacou que o PIB brasileiro mensal calculado pela institui\u00e7\u00e3o atingiu queda de 4,1% no acumulado de 12 meses, a maior retra\u00e7\u00e3o desde o in\u00edcio da s\u00e9rie hist\u00f3rica, em 2003. E o desempenho negativo est\u00e1 amplamente espalhado, em cinco dos 10 \u00edndices que comp\u00f5em o PIB mensal. O Fundo Monet\u00e1rio Internacional (FMI) aumentou de 3,5% para 3,8% a perspectiva de queda do PIB brasileiro neste ano. No caso da R\u00fassia, dependente do petr\u00f3leo, a estimativa mudou em sentido inverso, com menor recess\u00e3o neste ano e crescimento ainda maior em 2017.<\/p>\n<p>&nbsp;<\/p>\n<p>O novo presidente poder\u00e1 culpar a antecessora. Ter\u00e1 bons argumentos para isso, mas pouca audi\u00eancia. Todo mundo j\u00e1 conhece a situa\u00e7\u00e3o e estar\u00e1 ainda mais farto dela daqui a alguns meses. O problema passar\u00e1 a ser dele.<\/p>\n<p>&nbsp;<\/p>\n<p>Ou n\u00e3o. H\u00e1 chances ainda razo\u00e1veis \u2014 embora decrescentes \u2014 de que Dilma consiga apoio de um ter\u00e7o dos deputados para enterrar o atual processo de impeachment. \u201cSe isso acontecer, Lula \u00e9 que ser\u00e1 o presidente de fato\u201d, diz Castro Neves, da Eurasia. Ele tentar\u00e1 ganhar o apoio da esquerda, incluindo seu partido, no discurso, mas far\u00e1 pol\u00edticas de centro para garantir apoio no Congresso. S\u00f3 que as chances de aprovar reformas ser\u00e3o ainda menores do que as de Temer.<\/p>\n<p>&nbsp;<\/p>\n<p>Em caso de derrota no impeachment, o governo vai agitar a pr\u00f3xima semana com a\u00e7\u00f5es na tentativa de recobrar o \u00e2nimo do pa\u00eds. Fala-se at\u00e9 mesmo na possibilidade de Lula lan\u00e7ar uma nova carta aos brasileiros, como a que fez em 2002. Imposs\u00edvel que ele evite a disparada do d\u00f3lar e a queda da bolsa de valores. No cen\u00e1rio inverso, de aprova\u00e7\u00e3o do processo de impeachment, o real deve cair ainda mais e a bolsa subir. Mas ningu\u00e9m espere um movimento sustent\u00e1vel.<\/p>\n<p>&nbsp;<\/p>\n<p>O economista-chefe da Gradual Investimentos, Andr\u00e9 Perfeito, destaca que o real \u00e9 a segunda moeda que mais se valorizou neste ano, atr\u00e1s apenas do Kwacha, da Z\u00e2mbia. O Ibovespa subiu 32,1% em d\u00f3lares, a maior alta entre os mercados emergentes e desenvolvidos. N\u00e3o h\u00e1 perspectivas de esse ritmo de alta se manter por muito tempo diante da situa\u00e7\u00e3o ainda pouco alentadora da nossa economia.<\/p>\n<p>&nbsp;<\/p>\n<p><i>Bras\u00edlia<\/i>, <i>09h20min<\/i><\/p>\n","protected":false},"excerpt":{"rendered":"<p>PAULO SILVA PINTO &nbsp; Os investidores estrangeiros v\u00eam acompanhando com aten\u00e7\u00e3o redobrada o que est\u00e1 acontecendo nesta semana no Brasil, e veem com certa apreens\u00e3o o cen\u00e1rio nas pr\u00f3ximas semanas e meses. As apostas predominantes no mercado, aqui e fora, s\u00e3o de que Michel Temer passe do anexo do Planalto ao quarto andar do pr\u00e9dio [&hellip;]<\/p>\n","protected":false},"author":22,"featured_media":0,"comment_status":"open","ping_status":"closed","sticky":false,"template":"","format":"standard","meta":{"wpb_read_more":[],"footnotes":""},"categories":[1],"tags":[],"class_list":["post-767","post","type-post","status-publish","format-standard","hentry","category-sem-categoria"],"_links":{"self":[{"href":"https:\/\/blogs2.correiobraziliense.com.br\/vicente\/wp-json\/wp\/v2\/posts\/767","targetHints":{"allow":["GET"]}}],"collection":[{"href":"https:\/\/blogs2.correiobraziliense.com.br\/vicente\/wp-json\/wp\/v2\/posts"}],"about":[{"href":"https:\/\/blogs2.correiobraziliense.com.br\/vicente\/wp-json\/wp\/v2\/types\/post"}],"author":[{"embeddable":true,"href":"https:\/\/blogs2.correiobraziliense.com.br\/vicente\/wp-json\/wp\/v2\/users\/22"}],"replies":[{"embeddable":true,"href":"https:\/\/blogs2.correiobraziliense.com.br\/vicente\/wp-json\/wp\/v2\/comments?post=767"}],"version-history":[{"count":1,"href":"https:\/\/blogs2.correiobraziliense.com.br\/vicente\/wp-json\/wp\/v2\/posts\/767\/revisions"}],"predecessor-version":[{"id":768,"href":"https:\/\/blogs2.correiobraziliense.com.br\/vicente\/wp-json\/wp\/v2\/posts\/767\/revisions\/768"}],"wp:attachment":[{"href":"https:\/\/blogs2.correiobraziliense.com.br\/vicente\/wp-json\/wp\/v2\/media?parent=767"}],"wp:term":[{"taxonomy":"category","embeddable":true,"href":"https:\/\/blogs2.correiobraziliense.com.br\/vicente\/wp-json\/wp\/v2\/categories?post=767"},{"taxonomy":"post_tag","embeddable":true,"href":"https:\/\/blogs2.correiobraziliense.com.br\/vicente\/wp-json\/wp\/v2\/tags?post=767"}],"curies":[{"name":"wp","href":"https:\/\/api.w.org\/{rel}","templated":true}]}}