{"id":771,"date":"2016-04-14T00:51:11","date_gmt":"2016-04-14T03:51:11","guid":{"rendered":"https:\/\/blogs2.correiobraziliense.com.br\/vicente\/?p=771"},"modified":"2016-04-14T23:52:51","modified_gmt":"2016-04-15T02:52:51","slug":"ratos-saem-mas-ele-fica","status":"publish","type":"post","link":"https:\/\/blogs2.correiobraziliense.com.br\/vicente\/ratos-saem-mas-ele-fica\/","title":{"rendered":"RATOS SAEM, MAS ELE FICA"},"content":{"rendered":"<p>\u00bb Um senador petista acha que a derrota da presidente Dilma Rousseff no Senado ser\u00e1 ainda mais fragorosa entre seus pares do que a vota\u00e7\u00e3o do pr\u00f3ximo domingo na C\u00e2mara. Ele pretende deixar o partido. \u201cS\u00f3 n\u00e3o vou fazer isso agora porque quem sai correndo de um barco que afunda s\u00e3o os ratos\u201d, confidenciou.<\/p>\n<p>&nbsp;<\/p>\n<p><b>Ponto<\/b> <b>facultativo<\/b> <b>amanh\u00e3<\/b><\/p>\n<p>&nbsp;<\/p>\n<p>\u00bb Diante da expectativa de que a Esplanada seja tomada por manifestantes amanh\u00e3, poder\u00e1 ser decretado ponto facultativo para os servidores. Isso ser\u00e1 decidido hoje pelo governo. A confus\u00e3o amea\u00e7a at\u00e9 mesmo a entrega do projeto da Lei de Diretrizes Or\u00e7ament\u00e1rias, previsto para esta sexta.<\/p>\n","protected":false},"excerpt":{"rendered":"<p>\u00bb Um senador petista acha que a derrota da presidente Dilma Rousseff no Senado ser\u00e1 ainda mais fragorosa entre seus pares do que a vota\u00e7\u00e3o do pr\u00f3ximo domingo na C\u00e2mara. Ele pretende deixar o partido. \u201cS\u00f3 n\u00e3o vou fazer isso agora porque quem sai correndo de um barco que afunda s\u00e3o os ratos\u201d, confidenciou. &nbsp; [&hellip;]<\/p>\n","protected":false},"author":22,"featured_media":0,"comment_status":"open","ping_status":"closed","sticky":false,"template":"","format":"standard","meta":{"wpb_read_more":[],"footnotes":""},"categories":[1],"tags":[],"class_list":["post-771","post","type-post","status-publish","format-standard","hentry","category-sem-categoria"],"_links":{"self":[{"href":"https:\/\/blogs2.correiobraziliense.com.br\/vicente\/wp-json\/wp\/v2\/posts\/771","targetHints":{"allow":["GET"]}}],"collection":[{"href":"https:\/\/blogs2.correiobraziliense.com.br\/vicente\/wp-json\/wp\/v2\/posts"}],"about":[{"href":"https:\/\/blogs2.correiobraziliense.com.br\/vicente\/wp-json\/wp\/v2\/types\/post"}],"author":[{"embeddable":true,"href":"https:\/\/blogs2.correiobraziliense.com.br\/vicente\/wp-json\/wp\/v2\/users\/22"}],"replies":[{"embeddable":true,"href":"https:\/\/blogs2.correiobraziliense.com.br\/vicente\/wp-json\/wp\/v2\/comments?post=771"}],"version-history":[{"count":1,"href":"https:\/\/blogs2.correiobraziliense.com.br\/vicente\/wp-json\/wp\/v2\/posts\/771\/revisions"}],"predecessor-version":[{"id":772,"href":"https:\/\/blogs2.correiobraziliense.com.br\/vicente\/wp-json\/wp\/v2\/posts\/771\/revisions\/772"}],"wp:attachment":[{"href":"https:\/\/blogs2.correiobraziliense.com.br\/vicente\/wp-json\/wp\/v2\/media?parent=771"}],"wp:term":[{"taxonomy":"category","embeddable":true,"href":"https:\/\/blogs2.correiobraziliense.com.br\/vicente\/wp-json\/wp\/v2\/categories?post=771"},{"taxonomy":"post_tag","embeddable":true,"href":"https:\/\/blogs2.correiobraziliense.com.br\/vicente\/wp-json\/wp\/v2\/tags?post=771"}],"curies":[{"name":"wp","href":"https:\/\/api.w.org\/{rel}","templated":true}]}}