{"id":779,"date":"2016-04-16T16:27:29","date_gmt":"2016-04-16T19:27:29","guid":{"rendered":"https:\/\/blogs2.correiobraziliense.com.br\/vicente\/?p=779"},"modified":"2016-04-16T16:27:29","modified_gmt":"2016-04-16T19:27:29","slug":"o-pais-que-queremos","status":"publish","type":"post","link":"https:\/\/blogs2.correiobraziliense.com.br\/vicente\/o-pais-que-queremos\/","title":{"rendered":"O PA\u00cdS QUE QUEREMOS"},"content":{"rendered":"<p>Vivemos uma situa\u00e7\u00e3o terr\u00edvel, misturada \u00e0 expectativa de que talvez o Brasil saia disso um pa\u00eds melhor. At\u00e9 mesmo os governistas, que t\u00eam poucas chances amanh\u00e3 na C\u00e2mara dos Deputados, esperam que a atual gest\u00e3o se reinvente caso o pedido de admissibilidade do impeachment da presidente Dilma Rousseff seja derrubado e ela ganhe f\u00f4lego no Planalto.\u00a0\u00c9 imensamente maior a chance de que o pedido passe e o vice-presidente Michel Temer comece logo a formar um novo gabinete ministerial para ser empossado antes da metade de maio.<\/p>\n<p>&nbsp;<\/p>\n<p>H\u00e1 uma discuss\u00e3o muito importante, por\u00e9m, que precisa envolver mais gente, e sempre \u00e9 deixada de lado: o Brasil que queremos ter. Faltou muito disso na campanha eleitoral de 2014. Governo e oposi\u00e7\u00e3o evitaram fazer uma discuss\u00e3o s\u00e9ria dos problemas para n\u00e3o desagradar ao eleitor. O resultado foi esse quadro terr\u00edvel em que mergulhamos. \u00c9 algo frequente em nossa hist\u00f3ria evitarmos encarar os problemas e enfrentarmos uma situa\u00e7\u00e3o ainda pior depois, por conta do adiamento. O debate s\u00f3 ser\u00e1 poss\u00edvel com serenidade, portanto, ser\u00e1 preciso, antes, superar o \u00f3dio que s\u00f3 cresce no pa\u00eds desde o momento em que as urnas do segundo turno da elei\u00e7\u00e3o foram abertas.<\/p>\n<p>&nbsp;<\/p>\n<p>Fazer o projeto desse Brasil dos sonhos \u00e9 f\u00e1cil: sem corrup\u00e7\u00e3o, sem polui\u00e7\u00e3o e sem viol\u00eancia, com educa\u00e7\u00e3o e sa\u00fade gratuitas e universais, melhor infraestrutura, emprego e estabilidade do poder de compra e meio ambiente preservado. O crescimento econ\u00f4mico n\u00e3o \u00e9 uma meta em si, \u00e9 algo necess\u00e1rio para chegar a esse quadro ainda t\u00e3o long\u00ednquo.\u00a0A grande quest\u00e3o \u00e9 a outra lista, a dos sacrif\u00edcios que estamos ou n\u00e3o dispostos a fazer. Crescer significa ter um monte de gente trabalhando mais, seja em n\u00famero de horas ou em efici\u00eancia \u2014 de prefer\u00eancia as duas coisas. At\u00e9 a\u00ed, est\u00e1 tudo tranquilo, est\u00e1 f\u00e1vor\u00e1vel. O problema \u00e9 que, em geral, achamos que quem tem de se esfor\u00e7ar mais s\u00e3o os outros.<\/p>\n<p>&nbsp;<\/p>\n<p>Estamos dispostos a trabalhar um per\u00edodo maior antes da aposentadoria para garantir o crescimento? Talvez n\u00e3o. Nesse caso, teremos de encarar um pa\u00eds mais pobre para n\u00f3s e para nossos filhos e netos. O argumento de que o dinheiro pode sobrar se acabar com os desvios de dinheiro p\u00fablico n\u00e3o vale. Se a corrup\u00e7\u00e3o continuar nos n\u00edveis atuais, tudo ser\u00e1 mais dif\u00edcil. Mas, reduzida, os problemas n\u00e3o se resolvem.<\/p>\n<p>&nbsp;<\/p>\n<p><b>Ouvir antes e falar depois<\/b><\/p>\n<p>&nbsp;<\/p>\n<p>Luiz Gonzaga Belluzzo, professor da Universidade Estadual de Campinas (Unicamp) e um dos maiores economistas heterodoxos do mundo, faz uma cr\u00edtica muito consistente aos colegas ortodoxos. \u201cEles acham que o pessoal dos sindicatos, das ruas, tem de entender que a reforma da Previd\u00eancia \u00e9 indispens\u00e1vel. Talvez estejam certos. Mas isso tem de ser demonstrado \u00e0s pessoas. N\u00e3o adianta economistas acharem que \u00e9 um absurdo n\u00e3o saberem.\u201d<\/p>\n<p>&nbsp;<\/p>\n<p>\u00c9 preciso, portanto, discuss\u00e3o, humildade e aprendizado de todos os lados. Talvez a escolha do pa\u00eds seja continuar se aposentando cedo. Para um amigo, o sonho da aposentadoria \u00e9 um valor forte para os brasileiros. Todo mundo come\u00e7a a trabalhar pensando no dia em que vai parar. \u00c9 algo, portanto, t\u00e3o forte quanto o sonho americano. Nos Estados Unidos, quase todo mundo quer carro novo, casa pr\u00f3pria com quintal grande e filhos com diploma universit\u00e1rio. A certeza \u00e9 de que ser\u00e1 necess\u00e1rio ralar muito para conseguir isso.<\/p>\n<p>&nbsp;<\/p>\n<p><b>Escolhas<\/b><\/p>\n<p>&nbsp;<\/p>\n<p>Se o Estado tiver de financiar as aposentadorias, como j\u00e1 faz hoje, n\u00e3o podemos esperar que fa\u00e7a as outras coisas, ou pelo menos n\u00e3o todas elas. Temos dificuldade de aceitar essa limita\u00e7\u00e3o. Isso \u00e9 causa de outra de nossas mazelas: a infla\u00e7\u00e3o. Duas d\u00e9cadas depois do Plano Real, nossa taxa ainda \u00e9 muito alta para padr\u00f5es mundiais. Uma das raz\u00f5es disso \u00e9 que o governo gasta mais do que arrecada. Para que a carestia n\u00e3o seja ainda mais terr\u00edvel do que j\u00e1 \u00e9, temos de encarar juros muito acima do que se v\u00ea em outros pa\u00edses. Se quisermos que as empresas paguem menos pelo cr\u00e9dito, e assim fa\u00e7am investimentos, temos de aceitar gastos p\u00fablicos inferiores aos atuais.<\/p>\n<p>&nbsp;<\/p>\n<p>Ser c\u00e9tico quanto \u00e0s chances de essa discuss\u00e3o prosperar \u00e9 justo. Mais dif\u00edcil ainda \u00e9 que ela possa influenciar o novo governo que est\u00e1 em vias de se formar. Mas o debate precisa come\u00e7ar um dia, e talvez assim influenciar\u00e1 algum presidente. Como a campanha de 2018 ser\u00e1 longa \u2014 j\u00e1 come\u00e7ou \u2014, talvez seja essa uma oportunidade.<\/p>\n<p>&nbsp;<\/p>\n<p><b>Depende do presidente<\/b><\/p>\n<p>&nbsp;<\/p>\n<p>O ministro de Minas e Energia, Eduardo Braga (PMDB) disse ontem que sua perman\u00eancia no cargo depende \u201cdo presidente\u201d. Falou assim, no masculino. S\u00e3o \u00ednfimas as chances de Braga ficar no cargo, por\u00e9m, em um governo Temer, afinal, ele ignorou a decis\u00e3o do partido de desembarcar da administra\u00e7\u00e3o de Dilma. Al\u00e9m disso, ele refor\u00e7ou suas cr\u00edticas ao impeachment, que considera pol\u00edtico, n\u00e3o jur\u00eddico. Braga comentou o leil\u00e3o de transmiss\u00e3o de energia realizado nesta semana, que teve apenas 61% dos investimentos contratados. Para o ministro, o resultado \u00e9 um sucesso no quadro pol\u00edtico atual, de inseguran\u00e7a. O ministro tamb\u00e9m fez um balan\u00e7o dos 16 meses no cargo, e destacou que o setor est\u00e1 muito melhor do que antes. Ele falou com jornalistas no pr\u00e9dio da Eletronorte, j\u00e1 que o acesso \u00e0 Esplanda estava dif\u00edcil.<\/p>\n<p>&nbsp;<\/p>\n<p>Bras\u00edlia, 16h27min<\/p>\n","protected":false},"excerpt":{"rendered":"<p>Vivemos uma situa\u00e7\u00e3o terr\u00edvel, misturada \u00e0 expectativa de que talvez o Brasil saia disso um pa\u00eds melhor. At\u00e9 mesmo os governistas, que t\u00eam poucas chances amanh\u00e3 na C\u00e2mara dos Deputados, esperam que a atual gest\u00e3o se reinvente caso o pedido de admissibilidade do impeachment da presidente Dilma Rousseff seja derrubado e ela ganhe f\u00f4lego no [&hellip;]<\/p>\n","protected":false},"author":22,"featured_media":0,"comment_status":"open","ping_status":"closed","sticky":false,"template":"","format":"standard","meta":{"wpb_read_more":[],"footnotes":""},"categories":[1],"tags":[],"class_list":["post-779","post","type-post","status-publish","format-standard","hentry","category-sem-categoria"],"_links":{"self":[{"href":"https:\/\/blogs2.correiobraziliense.com.br\/vicente\/wp-json\/wp\/v2\/posts\/779","targetHints":{"allow":["GET"]}}],"collection":[{"href":"https:\/\/blogs2.correiobraziliense.com.br\/vicente\/wp-json\/wp\/v2\/posts"}],"about":[{"href":"https:\/\/blogs2.correiobraziliense.com.br\/vicente\/wp-json\/wp\/v2\/types\/post"}],"author":[{"embeddable":true,"href":"https:\/\/blogs2.correiobraziliense.com.br\/vicente\/wp-json\/wp\/v2\/users\/22"}],"replies":[{"embeddable":true,"href":"https:\/\/blogs2.correiobraziliense.com.br\/vicente\/wp-json\/wp\/v2\/comments?post=779"}],"version-history":[{"count":1,"href":"https:\/\/blogs2.correiobraziliense.com.br\/vicente\/wp-json\/wp\/v2\/posts\/779\/revisions"}],"predecessor-version":[{"id":780,"href":"https:\/\/blogs2.correiobraziliense.com.br\/vicente\/wp-json\/wp\/v2\/posts\/779\/revisions\/780"}],"wp:attachment":[{"href":"https:\/\/blogs2.correiobraziliense.com.br\/vicente\/wp-json\/wp\/v2\/media?parent=779"}],"wp:term":[{"taxonomy":"category","embeddable":true,"href":"https:\/\/blogs2.correiobraziliense.com.br\/vicente\/wp-json\/wp\/v2\/categories?post=779"},{"taxonomy":"post_tag","embeddable":true,"href":"https:\/\/blogs2.correiobraziliense.com.br\/vicente\/wp-json\/wp\/v2\/tags?post=779"}],"curies":[{"name":"wp","href":"https:\/\/api.w.org\/{rel}","templated":true}]}}