{"id":781,"date":"2016-04-18T08:30:53","date_gmt":"2016-04-18T11:30:53","guid":{"rendered":"https:\/\/blogs2.correiobraziliense.com.br\/vicente\/?p=781"},"modified":"2016-04-18T10:55:28","modified_gmt":"2016-04-18T13:55:28","slug":"o-ruim-e-o-pior","status":"publish","type":"post","link":"https:\/\/blogs2.correiobraziliense.com.br\/vicente\/o-ruim-e-o-pior\/","title":{"rendered":"O RUIM E O PIOR"},"content":{"rendered":"<p>Que ningu\u00e9m acredite numa sa\u00edda f\u00e1cil para o Brasil caso o Senado decida pelo impeachment da presidente Dilma Rousseff, que teve ontem uma derrota humilhante na C\u00e2mara dos Deputados. A situa\u00e7\u00e3o em que o pa\u00eds se encontra hoje \u00e9 dram\u00e1tica e n\u00e3o se reverter\u00e1 num passe de m\u00e1gica a partir do momento em que o governo for entregue a Michel Temer. Se realmente chegar ao Pal\u00e1cio do Planalto, o vice-presidente ter\u00e1 que mostrar muito mais do que um discurso de concilia\u00e7\u00e3o e de promessas para o resgate da economia. Ter\u00e1 que dar provas de que n\u00e3o estar\u00e1 substituindo a corrup\u00e7\u00e3o que jogou os eleitores contra o PT e Dilma pela roubalheira comandada pelo PMDB, que, se ressalte, est\u00e1 envolvido at\u00e9 o pesco\u00e7o com os desvios na Petrobras desvendados pela Opera\u00e7\u00e3o Lava-Jato.<\/p>\n<p>&nbsp;<\/p>\n<p>O vice-presidente n\u00e3o \u00e9 bem-visto pela maior parte da popula\u00e7\u00e3o. O partido dele simboliza o que h\u00e1 de pior na pol\u00edtica: o fisiologismo. Est\u00e1 sempre disposto a usar a m\u00e1quina p\u00fablica em benef\u00edcio pr\u00f3prio, em detrimento da maioria. De nada adiantar\u00e1 Temer apresentar um time de estrelas para formar seu minist\u00e9rio se n\u00e3o houver um compromisso com a \u00e9tica. A maioria da popula\u00e7\u00e3o que hoje pede a sa\u00edda de Dilma est\u00e1 vigilante e desconfiada, sobretudo pelas fortes liga\u00e7\u00f5es do vice com o presidente da C\u00e2mara, Eduardo Cunha, que corre o risco de ser cassado por corrup\u00e7\u00e3o. As ruas n\u00e3o dar\u00e3o chance para que se repitam no governo todos os males que levaram mais um presidente a sofrer o impeachment.<\/p>\n<p>&nbsp;<\/p>\n<p>A desconfian\u00e7a em rela\u00e7\u00e3o a Temer \u00e9 grande. Mesmo entre o empresariado e os investidores, que s\u00e3o abertamente a favor da interrup\u00e7\u00e3o do mandato de Dilma, h\u00e1 s\u00e9rios questionamentos se realmente o peemedebista \u00e9 a pessoa mais indicada para tirar o Brasil do atoleiro em que se encontra. O ideal seria que o pa\u00eds fosse entregue a um l\u00edder n\u00e3o vinculado ao atraso, capaz de unir for\u00e7as e de dar prosseguimento ao irrevers\u00edvel processo de limpeza do poder. Portanto, Temer n\u00e3o ter\u00e1 direito a errar, caso o Senado lhe entregue a Presid\u00eancia da Rep\u00fablica. O Brasil j\u00e1 perdeu tempo demais.<\/p>\n<p>&nbsp;<\/p>\n<p><strong>Arrog\u00e2ncia e mentiras<\/strong><\/p>\n<p>&nbsp;<\/p>\n<p>Dilma, infelizmente, \u00e9 a maior respons\u00e1vel por Temer \u2014 a quem ela acusa de traidor \u2014 estar quase sentado na cadeira presidencial. Desde que tomou posse, a petista trabalhou incansavelmente para destruir as pontes que lhe garantiriam o cumprimento de seu mandato. Desdenhou da pol\u00edtica, acreditando que poderia governar sozinha. Colocou-se acima do bem e do mal enquanto o partido dela surrupiava o dinheiro do povo. Destruiu todas as bases da economia, criando a pior recess\u00e3o em quase 100 anos e levando 10 milh\u00f5es ao desemprego. Acabou com as finan\u00e7as p\u00fablicas.<\/p>\n<p>&nbsp;<\/p>\n<p>Mesmo alertada para os erros em s\u00e9rie que cometia, Dilma permitiu que o Brasil, pouco a pouco, fosse empurrado para a mais grave crise da hist\u00f3ria recente. Preferiu se apegar \u00e0 arrog\u00e2ncia e atacar os cr\u00edticos. N\u00e3o teve humildade para ver que o barco estava afundando. Pelo contr\u00e1rio, recorreu a mentiras para destruir a imagem daqueles que poderiam lhe tirar a reelei\u00e7\u00e3o. Iludiu a popula\u00e7\u00e3o por meio de propagandas enganosas mostrando um pa\u00eds em crescimento, gerando emprego e com\u00a0 infla\u00e7\u00e3o sob controle. Assim que as urnas lhe garantiram mais um mandato, descortinou-se uma economia em frangalhos.<\/p>\n<p>&nbsp;<\/p>\n<p>J\u00e1 com o impeachment se tornando irrevers\u00edvel, Dilma pouco se preocupou com a opini\u00e3o p\u00fablica ao tentar nomear o ex-presidente Lula ministro da Casa Civil para que ele se livrasse das garras do juiz S\u00e9rgio Moro, respons\u00e1vel pela Lava-Jato. At\u00e9 ali, se ainda havia alguma complac\u00eancia com a presidente, ela se dissipou por completo. O grosso da popula\u00e7\u00e3o passou a avalizar o impedimento apesar de o processo estar sendo conduzido por Eduardo Cunha, acusado de ter contas ilegais no exterior e de ter recebido propina de contratos superfaturados da Petrobras. O discurso que passou a prevalecer entre os eleitores foi o de que a prioridade, primeiro, era afastar Dilma e, depois, o presidente da C\u00e2mara.<\/p>\n<p>&nbsp;<\/p>\n<p><strong>Paci\u00eancia curta<\/strong><\/p>\n<p>&nbsp;<\/p>\n<p>A decis\u00e3o da C\u00e2mara dos Deputados a favor da abertura do processo de impeachment mostra que o pa\u00eds est\u00e1 optando entre o ruim e o pior. Nem Dilma nem Temer s\u00e3o os mais indicados para conduzir o Brasil neste momento. Como diz uma importante autoridade, por tudo o que se revelou pela Opera\u00e7\u00e3o Lava-Jato, por todas as cobran\u00e7as que est\u00e3o sendo feitas nas ruas, pela situa\u00e7\u00e3o agonizante da economia, o melhor seria entregar \u00e0 popula\u00e7\u00e3o o direito de escolher quem deve conduzir o pa\u00eds. PT e PMDB representam tudo o que se quer jogar no lixo.<\/p>\n<p>&nbsp;<\/p>\n<p>\u00c9 poss\u00edvel que, na falta de op\u00e7\u00e3o melhor, os mercados abram hoje em clima de euforia para sancionar o apoio ao impedimento de Dilma. A expectativa \u00e9 de que parte da confian\u00e7a perdida retome. Mas a cobran\u00e7a sobre Temer ser\u00e1 enorme. A partir de agora, ele ter\u00e1 que dar respostas claras sobre como conduzir\u00e1 o pa\u00eds no caso de o Senado lhe repassar a Presid\u00eancia da Rep\u00fablica. O capital n\u00e3o aguenta mais promessas vazias. E n\u00e3o perdoar\u00e1 se o vice optar pela travessia mais f\u00e1cil: o aumento de impostos para tentar ajustar as contas p\u00fablicas em vez de assumir compromisso pelas reformas adiadas por tanto tempo, como a da Previd\u00eancia Social.<\/p>\n<p>&nbsp;<\/p>\n<p>Os investidores tamb\u00e9m v\u00e3o monitorar como Temer se comportar\u00e1 caso o Supremo Tribunal Federal (STF) decrete, nos pr\u00f3ximos dias, a pris\u00e3o de Eduardo Cunha. Os dois est\u00e3o ligados umbilicalmente no processo de afastamento de Dilma. O vice n\u00e3o poder\u00e1 titubear. Qualquer sinal de apoio ao aliado ser\u00e1 entendido como um sinal de que ele pode, sim, atuar nos bastidores para proteger os amigos. N\u00e3o bastar\u00e1 a Temer dizer que \u00e9 honesto. Ter\u00e1 que parecer honesto.<\/p>\n<p>&nbsp;<\/p>\n<p><em>Bras\u00edlia, 08h30min<\/em><\/p>\n","protected":false},"excerpt":{"rendered":"<p>Que ningu\u00e9m acredite numa sa\u00edda f\u00e1cil para o Brasil caso o Senado decida pelo impeachment da presidente Dilma Rousseff, que teve ontem uma derrota humilhante na C\u00e2mara dos Deputados. A situa\u00e7\u00e3o em que o pa\u00eds se encontra hoje \u00e9 dram\u00e1tica e n\u00e3o se reverter\u00e1 num passe de m\u00e1gica a partir do momento em que o [&hellip;]<\/p>\n","protected":false},"author":22,"featured_media":0,"comment_status":"open","ping_status":"closed","sticky":false,"template":"","format":"standard","meta":{"wpb_read_more":[],"footnotes":""},"categories":[1],"tags":[],"class_list":["post-781","post","type-post","status-publish","format-standard","hentry","category-sem-categoria"],"_links":{"self":[{"href":"https:\/\/blogs2.correiobraziliense.com.br\/vicente\/wp-json\/wp\/v2\/posts\/781","targetHints":{"allow":["GET"]}}],"collection":[{"href":"https:\/\/blogs2.correiobraziliense.com.br\/vicente\/wp-json\/wp\/v2\/posts"}],"about":[{"href":"https:\/\/blogs2.correiobraziliense.com.br\/vicente\/wp-json\/wp\/v2\/types\/post"}],"author":[{"embeddable":true,"href":"https:\/\/blogs2.correiobraziliense.com.br\/vicente\/wp-json\/wp\/v2\/users\/22"}],"replies":[{"embeddable":true,"href":"https:\/\/blogs2.correiobraziliense.com.br\/vicente\/wp-json\/wp\/v2\/comments?post=781"}],"version-history":[{"count":1,"href":"https:\/\/blogs2.correiobraziliense.com.br\/vicente\/wp-json\/wp\/v2\/posts\/781\/revisions"}],"predecessor-version":[{"id":782,"href":"https:\/\/blogs2.correiobraziliense.com.br\/vicente\/wp-json\/wp\/v2\/posts\/781\/revisions\/782"}],"wp:attachment":[{"href":"https:\/\/blogs2.correiobraziliense.com.br\/vicente\/wp-json\/wp\/v2\/media?parent=781"}],"wp:term":[{"taxonomy":"category","embeddable":true,"href":"https:\/\/blogs2.correiobraziliense.com.br\/vicente\/wp-json\/wp\/v2\/categories?post=781"},{"taxonomy":"post_tag","embeddable":true,"href":"https:\/\/blogs2.correiobraziliense.com.br\/vicente\/wp-json\/wp\/v2\/tags?post=781"}],"curies":[{"name":"wp","href":"https:\/\/api.w.org\/{rel}","templated":true}]}}