{"id":783,"date":"2016-04-19T08:00:07","date_gmt":"2016-04-19T11:00:07","guid":{"rendered":"https:\/\/blogs2.correiobraziliense.com.br\/vicente\/?p=783"},"modified":"2016-04-19T08:00:07","modified_gmt":"2016-04-19T11:00:07","slug":"podridao-no-ar","status":"publish","type":"post","link":"https:\/\/blogs2.correiobraziliense.com.br\/vicente\/podridao-no-ar\/","title":{"rendered":"PODRID\u00c3O NO AR"},"content":{"rendered":"<p>A presidente Dilma Rousseff se travestiu ontem de humildade para dizer o quanto est\u00e1 \u201cestarrecida\u201d com a decis\u00e3o da C\u00e2mara dos Deputados de abrir o processo de impeachment contra ela. Com os olhos marejados, fala mansa, chegou a dar a impress\u00e3o de que desabaria no choro. Em nenhum momento de seu discurso, por\u00e9m, a petista fez uma autocr\u00edtica para assumir os erros que cometeu e que levaram o Brasil a viver esse momento dram\u00e1tico, no qual o segundo comandante do pa\u00eds pode ser apeado do poder em apenas 24 anos.<\/p>\n<p>&nbsp;<\/p>\n<p>Dilma acertou quando questionou o fato de o processo de impedimento ser tocado por Eduardo Cunha, presidente da C\u00e2mara, acusado de corrup\u00e7\u00e3o e de ter contas ilegais no exterior. Contudo, tornou a sua fala irrelevante ao n\u00e3o admitir a incapacidade de manter uma base de apoio no Congresso que poderia livr\u00e1-la do que ela chama de \u201cconspira\u00e7\u00e3o e trai\u00e7\u00e3o\u201d. A petista se afastou de todos aqueles que tenderiam a lhe estender as m\u00e3os. Fez isso de forma deliberada, guiada pela soberba, que ontem ela tentou deixar no gabinete que ainda ocupa no Pal\u00e1cio do Planalto.<\/p>\n<p>&nbsp;<\/p>\n<p>Os 137 votos pelo n\u00e3o ao impeachment explicitaram a incapacidade de Dilma de promover qualquer mudan\u00e7a no pa\u00eds a fim de tir\u00e1-lo da rota do desastre. Ela prometeu construir um novo governo, caso sobreviva ao processo que dever\u00e1 ser admitido pelo Senado nos pr\u00f3ximos dias, mas sabe que n\u00e3o ter\u00e1 condi\u00e7\u00f5es de aprovar nada de relevante para reanimar a economia. Nem mesmo o partido dela, o PT, est\u00e1 disposto a levar adiante propostas que s\u00e3o veementemente rejeitadas pelas bases sociais, em especial, as centrais sindicais, como a reforma da Previd\u00eancia Social.<\/p>\n<p>&nbsp;<\/p>\n<p>A incapacidade de Dilma de governar ficou latente antes mesmos de o processo de impeachment avan\u00e7ar. Das medidas apresentadas pelo ent\u00e3o ministro da Fazenda, Joaquim Levy, para fazer um ajuste fiscal consistente, quase nada foi adiante. Das propostas encaminhadas pelo atual chefe da equipe econ\u00f4mica, Nelson Barbosa, tudo est\u00e1 empacado. N\u00e3o por acaso, o Brasil afundou em uma recess\u00e3o profunda, tragado pela desconfian\u00e7a dos agentes econ\u00f4micos. Em vez de avan\u00e7os, o que se viu foram retrocessos: desemprego, infla\u00e7\u00e3o alta, rombos fiscais e d\u00edvida p\u00fablica em n\u00edveis alarmantes.<\/p>\n<p>&nbsp;<\/p>\n<p>Prazo de dois meses<\/p>\n<p>&nbsp;<\/p>\n<p>Com Dilma amea\u00e7ada pelo impeachment, podendo ser afastada em menos de um m\u00eas, o pa\u00eds vive uma situa\u00e7\u00e3o esdr\u00faxula, que s\u00f3 contribui para agravar a crise econ\u00f4mica. Temos, no Pal\u00e1cio do Planalto, uma presidente zumbi, que det\u00e9m a caneta, mas, para muitos, j\u00e1 n\u00e3o governa. No Jaburu, h\u00e1 um vice, Michel Temer, que negocia cargos, monta equipes e prepara medidas econ\u00f4micas, mas n\u00e3o tem poder algum. Esse v\u00e1cuo torna a miss\u00e3o do Senado mais urgente. Quanto mais demorar para se posicionar sobre o processo de impedimento da petista, independentemente do lado que pender\u00e1, maior ser\u00e1 o tombo da atividade.<\/p>\n<p>&nbsp;<\/p>\n<p>O tempo se tornou precioso. Tanto que os investidores j\u00e1 definiram o prazo que dar\u00e3o para que Temer mostre servi\u00e7o caso chegue ao Planalto: exatos dois meses. Nada mais que isso. Se, nesse per\u00edodo, ele n\u00e3o apresentar medidas no sentido de botar as contas p\u00fablicas em dia, derrubar a infla\u00e7\u00e3o e pavimentar o caminho para a queda da taxa b\u00e1sica de juros (Selic), que est\u00e1 em 14,25% ao ano, restar\u00e3o a decep\u00e7\u00e3o e uma feroz cobran\u00e7a. O peemedebista criou expectativas demais para uma economia que est\u00e1 em frangalhos. Pagar\u00e1 caro se falhar.<\/p>\n<p>&nbsp;<\/p>\n<p>Os investidores sabem que Temer, se vencer a disputa com Dilma, n\u00e3o ter\u00e1 a legitimidade dos votos para levar adiante medidas mais fortes, como as reformas estruturais. Por isso, muitos acreditam que mudan\u00e7as mais profundas s\u00f3 vir\u00e3o a partir de 2019, com o futuro presidente eleito pelas urnas. A tend\u00eancia \u00e9 de o vice recorrer a propostas recha\u00e7adas pelo partido dele, como o aumento de impostos via CPMF, para permitir uma travessia menos tortuosa. O crescimento econ\u00f4mico, com isso, ser\u00e1 minguado, longe da retomada que integrantes da equipe do peemedebista v\u00eam tentando pregar.<\/p>\n<p>&nbsp;<\/p>\n<p>Recado da pol\u00edcia<\/p>\n<p>&nbsp;<\/p>\n<p>Ainda que consiga recuperar a confian\u00e7a dos agentes econ\u00f4micos, Temer n\u00e3o ter\u00e1 sossego da Justi\u00e7a. H\u00e1 um movimento firme dentro do Minist\u00e9rio P\u00fablico e da Pol\u00edcia Federal para indicar que, qualquer que seja o governo, as investiga\u00e7\u00f5es da Lava-Jato v\u00e3o continuar e pris\u00f5es de pol\u00edticos e empres\u00e1rios ser\u00e3o feitas sem constrangimento. Esse recado, por sinal, j\u00e1 foi repassado ao vice-presidente, que \u00e9 mencionado em v\u00e1rias dela\u00e7\u00f5es. H\u00e1 gente gra\u00fada do PMDB apostando que, com o vice do Planalto, as investiga\u00e7\u00f5es sobre a corrup\u00e7\u00e3o que devastou o caixa da Petrobras andar\u00e3o em ritmo mais lento.<\/p>\n<p>&nbsp;<\/p>\n<p>Portanto, se o \u201cvice traidor\u201d, como diz Dilma, acredita que ter\u00e1 vida f\u00e1cil, \u00e9 bom ir se preparando. Ele, inclusive, pode vir a ser v\u00edtima do mesmo mal que a petista o acusa, sobretudo se aliados que hoje o incensam forem, um a um, para tr\u00e1s das grades. Os tempos que vivemos, realmente, s\u00e3o sombrios. H\u00e1 algo de muito podre no ar.<\/p>\n<p>&nbsp;<\/p>\n<p>Bras\u00edlia, 07h59min<\/p>\n","protected":false},"excerpt":{"rendered":"<p>A presidente Dilma Rousseff se travestiu ontem de humildade para dizer o quanto est\u00e1 \u201cestarrecida\u201d com a decis\u00e3o da C\u00e2mara dos Deputados de abrir o processo de impeachment contra ela. Com os olhos marejados, fala mansa, chegou a dar a impress\u00e3o de que desabaria no choro. Em nenhum momento de seu discurso, por\u00e9m, a petista [&hellip;]<\/p>\n","protected":false},"author":22,"featured_media":0,"comment_status":"open","ping_status":"closed","sticky":false,"template":"","format":"standard","meta":{"wpb_read_more":[],"footnotes":""},"categories":[1],"tags":[],"class_list":["post-783","post","type-post","status-publish","format-standard","hentry","category-sem-categoria"],"_links":{"self":[{"href":"https:\/\/blogs2.correiobraziliense.com.br\/vicente\/wp-json\/wp\/v2\/posts\/783","targetHints":{"allow":["GET"]}}],"collection":[{"href":"https:\/\/blogs2.correiobraziliense.com.br\/vicente\/wp-json\/wp\/v2\/posts"}],"about":[{"href":"https:\/\/blogs2.correiobraziliense.com.br\/vicente\/wp-json\/wp\/v2\/types\/post"}],"author":[{"embeddable":true,"href":"https:\/\/blogs2.correiobraziliense.com.br\/vicente\/wp-json\/wp\/v2\/users\/22"}],"replies":[{"embeddable":true,"href":"https:\/\/blogs2.correiobraziliense.com.br\/vicente\/wp-json\/wp\/v2\/comments?post=783"}],"version-history":[{"count":1,"href":"https:\/\/blogs2.correiobraziliense.com.br\/vicente\/wp-json\/wp\/v2\/posts\/783\/revisions"}],"predecessor-version":[{"id":784,"href":"https:\/\/blogs2.correiobraziliense.com.br\/vicente\/wp-json\/wp\/v2\/posts\/783\/revisions\/784"}],"wp:attachment":[{"href":"https:\/\/blogs2.correiobraziliense.com.br\/vicente\/wp-json\/wp\/v2\/media?parent=783"}],"wp:term":[{"taxonomy":"category","embeddable":true,"href":"https:\/\/blogs2.correiobraziliense.com.br\/vicente\/wp-json\/wp\/v2\/categories?post=783"},{"taxonomy":"post_tag","embeddable":true,"href":"https:\/\/blogs2.correiobraziliense.com.br\/vicente\/wp-json\/wp\/v2\/tags?post=783"}],"curies":[{"name":"wp","href":"https:\/\/api.w.org\/{rel}","templated":true}]}}