{"id":785,"date":"2016-04-19T11:29:09","date_gmt":"2016-04-19T14:29:09","guid":{"rendered":"https:\/\/blogs2.correiobraziliense.com.br\/vicente\/?p=785"},"modified":"2016-04-19T11:29:09","modified_gmt":"2016-04-19T14:29:09","slug":"pacote-de-temer-preve-ate-reajuste-para-o-bolsa-familia","status":"publish","type":"post","link":"https:\/\/blogs2.correiobraziliense.com.br\/vicente\/pacote-de-temer-preve-ate-reajuste-para-o-bolsa-familia\/","title":{"rendered":"PACOTE DE TEMER PREV\u00ca AT\u00c9 REAJUSTE PARA O BOLSA FAM\u00cdLIA"},"content":{"rendered":"<p>PAULO SILVA PINTO E ROSANA HESSEL<\/p>\n<p>&nbsp;<\/p>\n<p>Daqui a pouco menos de um m\u00eas, dever\u00e1 come\u00e7ar um novo governo no pa\u00eds, sob a lideran\u00e7a do hoje vice-presidente da Rep\u00fablica, Michel Temer, que j\u00e1 trabalha nas primeiras medidas econ\u00f4micas e na \u00e1rea social. O foco inicial \u00e9 o ajuste das contas p\u00fablicas \u2014 item essencial para que a nova administra\u00e7\u00e3o consiga ao menos manter a cabe\u00e7a fora da \u00e1gua. No entanto, programas como o Bolsa Fam\u00edlia devem ter reajuste para compensar a disparada da infla\u00e7\u00e3o e assegurar apoio da popula\u00e7\u00e3o.<\/p>\n<p>&nbsp;<\/p>\n<p>Temer tem conversado com v\u00e1rios economistas que ajudaram a elaborar o programa \u201cUma ponte para o futuro\u201d, divulgado no in\u00edcio do ano pelo PMDB, cujo \u00e2mago \u00e9 \u201cconstruir uma trajet\u00f3ria de equil\u00edbrio fiscal\u201d. A aprova\u00e7\u00e3o da Desvincula\u00e7\u00e3o das Receitas da Uni\u00e3o (DRU) \u00e9 fundamental em um Or\u00e7amento em que 92% das despesas s\u00e3o obrigat\u00f3rias.<\/p>\n<p>&nbsp;<\/p>\n<p>\u201cA DRU sempre foi renovada. Deixou de ser no in\u00edcio de 2014 porque o governo j\u00e1 n\u00e3o tinha mais capacidade de articula\u00e7\u00e3o pol\u00edtica no Congresso\u201d, explicou o economista Raul Velloso. A DRU dava liberdade para gastar 20% das despesas. \u201c\u00c9 algo essencial, pois h\u00e1 despesas obrigat\u00f3ria que n\u00e3o contam com receitas vinculadas, como o pagamento do funcionalismo\u201d, afirmou. Ele defende, por\u00e9m, que a medida seja aprovada com um margem maior, em torno de 50% do total.<\/p>\n<p>&nbsp;<\/p>\n<p><strong>D\u00edvida<\/strong><\/p>\n<p>&nbsp;<\/p>\n<p>Shelly Shetty, diretora da Fitch Ratings, disse ontem que a nota do Brasil n\u00e3o mudar\u00e1 automaticamente com um novo governo.\u00a0 \u201cA avalia\u00e7\u00e3o do Brasil depende de medidas que melhorem as perspectivas de crescimento da economia e a redu\u00e7\u00e3o do ritmo de aumento da d\u00edvida p\u00fablica\u201d, afirmou.<\/p>\n<p>&nbsp;<\/p>\n<p>Um economista que participou da elabora\u00e7\u00e3o do programa do PMDB garantiu que haver\u00e1, sim, maior desvincula\u00e7\u00e3o. Ele adiantou que as medidas que est\u00e3o sendo preparadas n\u00e3o contemplam aumento de impostos, mas est\u00e3o voltadas para a redu\u00e7\u00e3o do n\u00famero de minist\u00e9rios a n\u00e3o mais que 20, al\u00e9m do corte de benef\u00edcios ao funcionalismo.<\/p>\n<p>&nbsp;<\/p>\n<p>Para o economista Mansueto Almeida, ser\u00e1 muito dif\u00edcil conseguir equilibrar as contas p\u00fablicas sem um novo tributo, como, por exemplo, a Contribui\u00e7\u00e3o Provis\u00f3ria sobre a Movimenta\u00e7\u00e3o Financeira (CPMF). Ele lembra que o deficit prim\u00e1rio vem crescendo a cada ano. Em 2015, o rombo foi equivalente a 2% do Produto Interno Bruto\u00a0 (PIB). \u201cHouve uma despesa extra de R$ 56 bilh\u00f5es para o pagamento das pedaladas fiscais. Em 2016, mesmo sem essa conta, o deficit n\u00e3o ser\u00e1 consistentemente menor\u201d, avisou.<\/p>\n<p>&nbsp;<\/p>\n<p>O ano come\u00e7ou com previs\u00e3o de R$ 60 bilh\u00f5es de despesas a mais na Previd\u00eancia, R$ 12 bilh\u00f5es com funcionalismo e R$ 4 bilh\u00f5es com benef\u00edcios sociais. Mansueto lembrou que n\u00e3o ser\u00e1 poss\u00edvel fazer uma dr\u00e1stica redu\u00e7\u00e3o de gastos neste ano, uma vez que o corte de investimentos realizado no ano passado, de R$ 30 bilh\u00f5es, n\u00e3o poder\u00e1 se repetir. Para ele, isso aponta para a necessidade de reformas, como a da Previd\u00eancia. \u201cEla n\u00e3o precisa ser feita de imediato, mas deve ser apresentada. \u00c9 o que poder\u00e1 melhorar, de fato, a longo prazo, as contas p\u00fablicas do Brasil, pa\u00eds que gasta a mesma quantia com aposentados que outras na\u00e7\u00f5es com tr\u00eas vezes o mesmo n\u00famero de idosos\u201d, afirmou.<\/p>\n<p>&nbsp;<\/p>\n<p><strong>Rapidez<\/strong><\/p>\n<p>&nbsp;<\/p>\n<p>A opini\u00e3o \u00e9 compartilhada pela a economista Monica de Bolle, pesquisadora do Peterson Institute for International Economics (IIE), em Washington. \u201c\u00c9 fundamental que o novo governo sinalize r\u00e1pido que pretende fazer as reformas fiscal e administrativa. Ele precisar\u00e1 dar um caminho muito claro de como essas coisas ser\u00e3o feitas\u201d, comentou.<\/p>\n<p>&nbsp;<\/p>\n<p>Monica destacou que \u00e9 importante que o processo todo seja acelerado para que a economia comece a dar sinais de recupera\u00e7\u00e3o. \u201cO governo atual acabou. N\u00e3o pode mais fazer nada. E, por isso, seria muito ruim esperar os 180 dias previstos no processo todo\u201d, avaliou.<\/p>\n<p>&nbsp;<\/p>\n<p>Para o especialista em contas p\u00fablicas Felipe Salto, h\u00e1 espa\u00e7o para corte de depesas, apesar de o governo sempre afirmar que o Or\u00e7amento \u00e9 engessado. \u201cTemer tem que aproveitar o voto de confian\u00e7a do mercado e tomar medidas de controle dos gastos obrigat\u00f3rios, como postergar o reajuste do funcionalismo e rever os contratos em que h\u00e1 sobrepre\u00e7o, porque s\u00f3 conseguir\u00e1 aumentar a receita quando houver recupera\u00e7\u00e3o na economia\u201d, alertou. Na avalia\u00e7\u00e3o de Salto, h\u00e1 espa\u00e7o ainda para redu\u00e7\u00e3o de juros se a nova equipe tiver credibilidade no mercado.<\/p>\n<p>&nbsp;<\/p>\n<p>Bras\u00edlia, 11h28min<\/p>\n","protected":false},"excerpt":{"rendered":"<p>PAULO SILVA PINTO E ROSANA HESSEL &nbsp; Daqui a pouco menos de um m\u00eas, dever\u00e1 come\u00e7ar um novo governo no pa\u00eds, sob a lideran\u00e7a do hoje vice-presidente da Rep\u00fablica, Michel Temer, que j\u00e1 trabalha nas primeiras medidas econ\u00f4micas e na \u00e1rea social. O foco inicial \u00e9 o ajuste das contas p\u00fablicas \u2014 item essencial para [&hellip;]<\/p>\n","protected":false},"author":22,"featured_media":0,"comment_status":"open","ping_status":"closed","sticky":false,"template":"","format":"standard","meta":{"wpb_read_more":[],"footnotes":""},"categories":[1],"tags":[],"class_list":["post-785","post","type-post","status-publish","format-standard","hentry","category-sem-categoria"],"_links":{"self":[{"href":"https:\/\/blogs2.correiobraziliense.com.br\/vicente\/wp-json\/wp\/v2\/posts\/785","targetHints":{"allow":["GET"]}}],"collection":[{"href":"https:\/\/blogs2.correiobraziliense.com.br\/vicente\/wp-json\/wp\/v2\/posts"}],"about":[{"href":"https:\/\/blogs2.correiobraziliense.com.br\/vicente\/wp-json\/wp\/v2\/types\/post"}],"author":[{"embeddable":true,"href":"https:\/\/blogs2.correiobraziliense.com.br\/vicente\/wp-json\/wp\/v2\/users\/22"}],"replies":[{"embeddable":true,"href":"https:\/\/blogs2.correiobraziliense.com.br\/vicente\/wp-json\/wp\/v2\/comments?post=785"}],"version-history":[{"count":1,"href":"https:\/\/blogs2.correiobraziliense.com.br\/vicente\/wp-json\/wp\/v2\/posts\/785\/revisions"}],"predecessor-version":[{"id":786,"href":"https:\/\/blogs2.correiobraziliense.com.br\/vicente\/wp-json\/wp\/v2\/posts\/785\/revisions\/786"}],"wp:attachment":[{"href":"https:\/\/blogs2.correiobraziliense.com.br\/vicente\/wp-json\/wp\/v2\/media?parent=785"}],"wp:term":[{"taxonomy":"category","embeddable":true,"href":"https:\/\/blogs2.correiobraziliense.com.br\/vicente\/wp-json\/wp\/v2\/categories?post=785"},{"taxonomy":"post_tag","embeddable":true,"href":"https:\/\/blogs2.correiobraziliense.com.br\/vicente\/wp-json\/wp\/v2\/tags?post=785"}],"curies":[{"name":"wp","href":"https:\/\/api.w.org\/{rel}","templated":true}]}}