{"id":787,"date":"2016-04-19T16:09:13","date_gmt":"2016-04-19T19:09:13","guid":{"rendered":"https:\/\/blogs2.correiobraziliense.com.br\/vicente\/?p=787"},"modified":"2016-05-18T11:41:34","modified_gmt":"2016-05-18T14:41:34","slug":"arminio-fraga-diz-temer-que-tesouro-esta-quebrado","status":"publish","type":"post","link":"https:\/\/blogs2.correiobraziliense.com.br\/vicente\/arminio-fraga-diz-temer-que-tesouro-esta-quebrado\/","title":{"rendered":"Arm\u00ednio Fraga diz a Temer que Tesouro &#8220;est\u00e1 quebrado&#8221;"},"content":{"rendered":"<p>O ex-presidente do Banco Central Arm\u00ednio Fraga tra\u00e7ou um quadro dram\u00e1tico da economia brasileira para o vice-presidente da Rep\u00fablica, Michel Temer, em jantar ontem \u00e0 noite, do qual participou o senador tucano A\u00e9cio Neves. Arm\u00ednio \u00e9 o nome favorito de Temer para o Minist\u00e9rio da Fazenda, caso o Senado aprove o impeachment da presidente Dilma Rousseff. O ex-BC recusou o convite, mas se colocou a disposi\u00e7\u00e3o do peemedebista para ajud\u00e1-lo, sobretudo para abrir portas no mercado internacional.<\/p>\n<p>&nbsp;<\/p>\n<p>Na avalia\u00e7\u00e3o de Arm\u00ednio, o Tesouro Nacional &#8220;est\u00e1 quebrado&#8221;, assim como a maior parte dos estados. Ele orientou Temer a abrir os olhos em rela\u00e7\u00e3o aos bancos p\u00fablicos, em especial em rela\u00e7\u00e3o \u00e0 Caixa Econ\u00f4mica Federal, cuja situa\u00e7\u00e3o &#8220;\u00e9 mais do que preocupante&#8221;. Para o ex-presidente do BC, Temer tamb\u00e9m ter\u00e1 que dedicar aten\u00e7\u00e3o especial \u00e0 Petrobras, cuja situa\u00e7\u00e3o &#8220;\u00e9 delicad\u00edssima&#8221;.<\/p>\n<p>&nbsp;<\/p>\n<p>Arm\u00ednio est\u00e1 ajudando Temer a compor a equipe econ\u00f4mica de seu eventual governo. Para a Fazenda, ele est\u00e1 indicando Murilo Portugal, hoje presidente da Federa\u00e7\u00e3o Brasileira de Bancos (Febraban,) e Henrique Meirelles, do grupo JBS e ex-presidente do BC. Para o comando da autoridade monet\u00e1ria, os novos sugeridos s\u00e3o os de Ilan Goldfajn, economista-chefe do Ita\u00fa Unibanco, de Luiz Fernando Figueiredo, da Mau\u00e1 Sekular, ambos ex-diretores do BC na gest\u00e3o de Arm\u00ednio, al\u00e9m de M\u00e1rio Mesquita, muito ligado a Meirelles, do qual foi subordinado, hoje s\u00f3cio do Banco Brasil Plural.<\/p>\n<p>&nbsp;<\/p>\n<p>Na vis\u00e3o do ex-presidente do BC, se realmente assumir a Presid\u00eancia da Rep\u00fablica, Temer ter\u00e1 que dar um choque de credibilidade, anunciando um governo austero, respons\u00e1vel fiscalmente e comprometido com a estabilidade financeira. Se n\u00e3o fizer isso, estar\u00e1 fadado a repetir o fracasso da gest\u00e3o de Dilma, que resultou na maior recess\u00e3o da hist\u00f3ria do pa\u00eds. Em dois anos, o Produto Interno Bruto (PIB) poder\u00e1 cair mais de 8%.<\/p>\n<p>&nbsp;<\/p>\n<p><em>Bras\u00edlia, 16h07min<\/em><\/p>\n","protected":false},"excerpt":{"rendered":"<p>O ex-presidente do Banco Central Arm\u00ednio Fraga tra\u00e7ou um quadro dram\u00e1tico da economia brasileira para o vice-presidente da Rep\u00fablica, Michel Temer, em jantar ontem \u00e0 noite, do qual participou o senador tucano A\u00e9cio Neves. Arm\u00ednio \u00e9 o nome favorito de Temer para o Minist\u00e9rio da Fazenda, caso o Senado aprove o impeachment da presidente Dilma [&hellip;]<\/p>\n","protected":false},"author":22,"featured_media":0,"comment_status":"open","ping_status":"closed","sticky":false,"template":"","format":"standard","meta":{"wpb_read_more":[],"footnotes":""},"categories":[1],"tags":[],"class_list":["post-787","post","type-post","status-publish","format-standard","hentry","category-sem-categoria"],"_links":{"self":[{"href":"https:\/\/blogs2.correiobraziliense.com.br\/vicente\/wp-json\/wp\/v2\/posts\/787","targetHints":{"allow":["GET"]}}],"collection":[{"href":"https:\/\/blogs2.correiobraziliense.com.br\/vicente\/wp-json\/wp\/v2\/posts"}],"about":[{"href":"https:\/\/blogs2.correiobraziliense.com.br\/vicente\/wp-json\/wp\/v2\/types\/post"}],"author":[{"embeddable":true,"href":"https:\/\/blogs2.correiobraziliense.com.br\/vicente\/wp-json\/wp\/v2\/users\/22"}],"replies":[{"embeddable":true,"href":"https:\/\/blogs2.correiobraziliense.com.br\/vicente\/wp-json\/wp\/v2\/comments?post=787"}],"version-history":[{"count":4,"href":"https:\/\/blogs2.correiobraziliense.com.br\/vicente\/wp-json\/wp\/v2\/posts\/787\/revisions"}],"predecessor-version":[{"id":1019,"href":"https:\/\/blogs2.correiobraziliense.com.br\/vicente\/wp-json\/wp\/v2\/posts\/787\/revisions\/1019"}],"wp:attachment":[{"href":"https:\/\/blogs2.correiobraziliense.com.br\/vicente\/wp-json\/wp\/v2\/media?parent=787"}],"wp:term":[{"taxonomy":"category","embeddable":true,"href":"https:\/\/blogs2.correiobraziliense.com.br\/vicente\/wp-json\/wp\/v2\/categories?post=787"},{"taxonomy":"post_tag","embeddable":true,"href":"https:\/\/blogs2.correiobraziliense.com.br\/vicente\/wp-json\/wp\/v2\/tags?post=787"}],"curies":[{"name":"wp","href":"https:\/\/api.w.org\/{rel}","templated":true}]}}