{"id":79,"date":"2015-04-02T10:10:00","date_gmt":"2015-04-02T13:10:00","guid":{"rendered":"https:\/\/blogs2.correiobraziliense.com.br\/vicente\/alivio_no_mercado_pressao_popular\/"},"modified":"2015-04-02T10:10:00","modified_gmt":"2015-04-02T13:10:00","slug":"alivio_no_mercado_pressao_popular","status":"publish","type":"post","link":"https:\/\/blogs2.correiobraziliense.com.br\/vicente\/alivio_no_mercado_pressao_popular\/","title":{"rendered":"AL\u00cdVIO NO MERCADO, PRESS\u00c3O POPULAR"},"content":{"rendered":"\n<p>O Pal\u00e1cio do Planalto j\u00e1 identificou mudan\u00e7as no humor dos agentes econ\u00f4micos. A percep\u00e7\u00e3o entre assessores diretos da presidente Dilma Rousseff \u00e9 a de que o temor de que o ministro da Fazenda, Joaquim Levy, pudesse pular do barco, por n\u00e3o ter o apoio necess\u00e1rio do governo para fazer o ajuste fiscal, come\u00e7ou a se dissipar. <\/p>\n<p>O fato de a petista ter refor\u00e7ado, nos \u00faltimos dias, o discurso em favor das medidas para arrumar as contas p\u00fablicas e afastado qualquer diverg\u00eancia com o subordinado foi preponderante para que os investidores passassem a ver uma luz no fim do t\u00fanel. At\u00e9 duas semanas atr\u00e1s, em todos os cen\u00e1rios tra\u00e7ados pelo mercado, prevalecia a vis\u00e3o do caos. <\/p>\n<p>Para executivos do sistema financeiro, \u00e9 importante a mudan\u00e7a de percep\u00e7\u00e3o dos agentes econ\u00f4micos. O prolongamento do pessimismo traria um pesado custo ao pa\u00eds, que j\u00e1 est\u00e1 mergulhado na recess\u00e3o e ostenta infla\u00e7\u00e3o e juros em alta. Est\u00e1 claro para todos, por\u00e9m, que as incertezas continuam latentes, sobretudo porque, mesmo com a presidente dando apoio expl\u00edcito a Levy, h\u00e1 um Congresso hostil disposto a manter acesas as chamas da crise pol\u00edtica. <\/p>\n<p>\u201c\u00c9 vis\u00edvel que os agentes econ\u00f4micos come\u00e7am a se conscientizar de que n\u00e3o vale a pena botar fogo na floresta, pois todos ter\u00e3o de arcar com os custos. Por isso, podemos ver os primeiros sinais de tr\u00e9gua\u201d, admite um diretor de um dos maiores bancos privados do pa\u00eds. \u201cAt\u00e9 mesmo a oposi\u00e7\u00e3o, por meio do senador Jos\u00e9 Serra (PSDB-SP), parece n\u00e3o apostar mais no quanto pior, melhor, o que \u00e9 uma \u00f3tima not\u00edcia\u201d, acrescenta. <\/p>\n<p>Isso n\u00e3o quer dizer, por\u00e9m, que Dilma ter\u00e1 paz. Mesmo que os investidores baixem a guarda, uma grande onda de press\u00e3o est\u00e1 se armando e deve vir com toda for\u00e7a para cima da presidente: o descontentamento popular. T\u00e9cnicos do Minist\u00e9rio do Trabalho preveem que o t\u00e3o temido desemprego dar\u00e1 as caras a partir de maio. E n\u00e3o ser\u00e1 um movimento trivial, dada a fragilidade da atividade econ\u00f4mica. <\/p>\n<p>Como lembra o economista-chefe da Gradual Investimentos, Andr\u00e9 Perfeito, nos \u00faltimos anos, os brasileiros, especialmente os mais jovens, acostumaram-se a trocar de empregos sem trauma. A oferta de vagas era tanta que a recoloca\u00e7\u00e3o no mercado se dava de forma quase imediata. Agora, por\u00e9m, as portas se fecharam. Quem est\u00e1 sendo demitido tem colecionado uma s\u00e9rie de n\u00e3os ao buscar oportunidades. A insatisfa\u00e7\u00e3o s\u00f3 n\u00e3o \u00e9 maior porque muitos ainda est\u00e3o recebendo o seguro-desemprego.  <\/p>\n<p>Perfeito acredita que a deteriora\u00e7\u00e3o do mercado de trabalho ser\u00e1 t\u00e3o forte que o \u00edndice de desemprego deve bater em 10% no fim do ano, quase o dobro da taxa atual, de 5,9%. Quem continuar empregado sofrer\u00e1 com a queda real dos sal\u00e1rios, devido \u00e0 disparada da infla\u00e7\u00e3o, que chegou aos 8% empurrada pelas tarifas p\u00fablicas. \u201cTudo indica que ser\u00e1 a popula\u00e7\u00e3o mais pobre a mais afetada com o ajuste da economia. \u00c9 o rem\u00e9dio amargo para que, mais \u00e0 frente, o pa\u00eds volte a crescer sem desarranjos\u201d, frisa o economista da Gradual. Em meio ao pagamento da fatura criada por Dilma nos \u00faltimos quatro anos, a tend\u00eancia \u00e9 de a popularidade da presidente se manter no ch\u00e3o. E, pior, com as ruas cheias de protestos. <\/p>\n<p><b>A caminho do fundo do po\u00e7o<\/b> <\/p>\n<p>\u00bb Nos c\u00e1lculos de Andr\u00e9 Perfeito, o Produto Interno Bruto (PIB) fechou o primeiro trimestre do ano com queda de 1% e encolher\u00e1 ao menos 0,5% entre abril e junho. Ser\u00e1, ent\u00e3o, o fundo do po\u00e7o da economia. A partir da\u00ed, come\u00e7ar\u00e1 um lento e gradual processo de recupera\u00e7\u00e3o \u2014 desde, \u00e9 claro, que o ajuste fiscal seja seguido \u00e0 risca. <\/p>\n<p><b>Catequizada por Levy<\/b> <\/p>\n<p>\u00bb Quem esteve com a presidente Dilma nos \u00faltimos dias garante que os 14 quilos que ela perdeu por meio de uma r\u00edgida dieta levaram junto boa parte das convic\u00e7\u00f5es econ\u00f4micas que prevaleceram no primeiro mandato da petista. \u201cA nova Dilma foi catequizada pelo Joaquim Levy. Os termos usados por ela s\u00e3o os mesmos que o ministro da Fazenda cita em seus discursos\u201d, diz um ministro. <\/p>\n<p><b>Tombini critica Afif<\/b> <\/p>\n<p>\u00bb O presidente do Banco Central, Alexandre Tombini, n\u00e3o gostou nada das declara\u00e7\u00f5es do ministro da Micro e Pequena Empresa, Guilherme Afif Domingos, de que a institui\u00e7\u00e3o liberar\u00e1 R$ 41 bilh\u00f5es em dep\u00f3sitos compuls\u00f3rios para financiar as firmas de menor porte. Na vis\u00e3o de Tombini, a inje\u00e7\u00e3o dessa montanha de dinheiro na economia neste momento \u00e9 infla\u00e7\u00e3o na veia. <\/p>\n<p><b>Fiscaliza\u00e7\u00e3o mais fr\u00e1gil<\/b> <\/p>\n<p>\u00bb O clima entre os fiscais do Banco Central \u00e9 de des\u00e2nimo. Sem dinheiro para tocar o Plano Anual de Fiscaliza\u00e7\u00e3o, a autoridade monet\u00e1ria n\u00e3o conseguiu realizar nenhuma grande miss\u00e3o neste ano, apesar do envolvimento claro de v\u00e1rios bancos no esquema de lavagem de dinheiro da corrup\u00e7\u00e3o da Petrobras. Os servidores do BC se recusam a bancar as despesas com recursos pr\u00f3prios. <\/p>\n<p><b>1\u00ba de abril, dia da Dilma<\/b> <\/p>\n<p>\u00bb As redes sociais transformaram o 1\u00ba de abril, dia da mentira, em dia da Dilma. Tudo por causa das inverdades que a presidente disse durante a campanha \u00e0 reelei\u00e7\u00e3o. <\/p>\n<p><i>Bras\u00edlia, 10h10min<\/i>   <\/p>\n","protected":false},"excerpt":{"rendered":"<p>O Pal\u00e1cio do Planalto j\u00e1 identificou mudan\u00e7as no humor dos agentes econ\u00f4micos. A percep\u00e7\u00e3o entre assessores diretos da presidente Dilma Rousseff \u00e9 a de que o temor de que o ministro da Fazenda, Joaquim Levy, pudesse pular do barco, por n\u00e3o ter o apoio necess\u00e1rio do governo para fazer o ajuste fiscal, come\u00e7ou a se [&hellip;]<\/p>\n","protected":false},"author":22,"featured_media":0,"comment_status":"open","ping_status":"open","sticky":false,"template":"","format":"standard","meta":{"wpb_read_more":[],"footnotes":""},"categories":[1],"tags":[],"class_list":["post-79","post","type-post","status-publish","format-standard","hentry","category-sem-categoria"],"_links":{"self":[{"href":"https:\/\/blogs2.correiobraziliense.com.br\/vicente\/wp-json\/wp\/v2\/posts\/79","targetHints":{"allow":["GET"]}}],"collection":[{"href":"https:\/\/blogs2.correiobraziliense.com.br\/vicente\/wp-json\/wp\/v2\/posts"}],"about":[{"href":"https:\/\/blogs2.correiobraziliense.com.br\/vicente\/wp-json\/wp\/v2\/types\/post"}],"author":[{"embeddable":true,"href":"https:\/\/blogs2.correiobraziliense.com.br\/vicente\/wp-json\/wp\/v2\/users\/22"}],"replies":[{"embeddable":true,"href":"https:\/\/blogs2.correiobraziliense.com.br\/vicente\/wp-json\/wp\/v2\/comments?post=79"}],"version-history":[{"count":0,"href":"https:\/\/blogs2.correiobraziliense.com.br\/vicente\/wp-json\/wp\/v2\/posts\/79\/revisions"}],"wp:attachment":[{"href":"https:\/\/blogs2.correiobraziliense.com.br\/vicente\/wp-json\/wp\/v2\/media?parent=79"}],"wp:term":[{"taxonomy":"category","embeddable":true,"href":"https:\/\/blogs2.correiobraziliense.com.br\/vicente\/wp-json\/wp\/v2\/categories?post=79"},{"taxonomy":"post_tag","embeddable":true,"href":"https:\/\/blogs2.correiobraziliense.com.br\/vicente\/wp-json\/wp\/v2\/tags?post=79"}],"curies":[{"name":"wp","href":"https:\/\/api.w.org\/{rel}","templated":true}]}}