{"id":795,"date":"2016-04-20T12:56:03","date_gmt":"2016-04-20T15:56:03","guid":{"rendered":"https:\/\/blogs2.correiobraziliense.com.br\/vicente\/?p=795"},"modified":"2016-04-20T13:02:49","modified_gmt":"2016-04-20T16:02:49","slug":"consul-que-chama-embaixador-de-idiota-ganha-cargo-em-brasilia","status":"publish","type":"post","link":"https:\/\/blogs2.correiobraziliense.com.br\/vicente\/consul-que-chama-embaixador-de-idiota-ganha-cargo-em-brasilia\/","title":{"rendered":"C\u00d4NSUL QUE CHAMA EMBAIXADOR DE &#8220;IDIOTA&#8221; GANHA CARGO EM BRAS\u00cdLIA"},"content":{"rendered":"<p>O ministro Am\u00e9rico Dyott Fontenelle, que ocupou o cargo de c\u00f4nsul-geral em Sydney, na Austr\u00e1lia, \u00e9 acusado de ass\u00e9dio moral e ganhou notoriedade ao chamar o embaixador do Brasil naquele pa\u00eds, Rubem Correa Barbosa, de &#8220;idiota&#8221; j\u00e1 est\u00e1 de emprego novo.<\/p>\n<p>&nbsp;<\/p>\n<p>Sem qualquer repres\u00e1lia e exaltado pelo atual comando do Minist\u00e9rio das Rela\u00e7\u00f5es Exteriores, Fontenelle foi empossado na Assessoria Especial de Assuntos Federativos e Parlamentares (Afepa) do \u00f3rg\u00e3o. Ele est\u00e1 todo cheio de si, sentindo-se como um her\u00f3i.<\/p>\n<p>&nbsp;<\/p>\n<p>As acusa\u00e7\u00f5es de ass\u00e9dio moral contra Fontenelle v\u00eam de longe. Em Toronto,\u00a0 no Canad\u00e1, ele fez o diabo contra os funcion\u00e1rios do consulado local. H\u00e1 grava\u00e7\u00f5es mostrando uso de palavr\u00f5es impublic\u00e1veis. Para n\u00e3o dizer que n\u00e3o fez nada, o Itamaraty abriu um Processo de Apura\u00e7\u00e3o \u00c9tica (PAE) contra o c\u00f4nsul, mais suave que um Processo Administrativo Disciplinar (PAD). Ele foi suspenso por 90 dias e, depois, ficou \u00e0 disposi\u00e7\u00e3o do Departamento de Pessoal.<\/p>\n<p>&nbsp;<\/p>\n<p>Procurado, o Itamaraty n\u00e3o se pronunciou.<\/p>\n<p>&nbsp;<\/p>\n<p><em>Bras\u00edlia, 12h55min<\/em><\/p>\n","protected":false},"excerpt":{"rendered":"<p>O ministro Am\u00e9rico Dyott Fontenelle, que ocupou o cargo de c\u00f4nsul-geral em Sydney, na Austr\u00e1lia, \u00e9 acusado de ass\u00e9dio moral e ganhou notoriedade ao chamar o embaixador do Brasil naquele pa\u00eds, Rubem Correa Barbosa, de &#8220;idiota&#8221; j\u00e1 est\u00e1 de emprego novo. &nbsp; Sem qualquer repres\u00e1lia e exaltado pelo atual comando do Minist\u00e9rio das Rela\u00e7\u00f5es Exteriores, [&hellip;]<\/p>\n","protected":false},"author":22,"featured_media":0,"comment_status":"open","ping_status":"closed","sticky":false,"template":"","format":"standard","meta":{"wpb_read_more":[],"footnotes":""},"categories":[1],"tags":[],"class_list":["post-795","post","type-post","status-publish","format-standard","hentry","category-sem-categoria"],"_links":{"self":[{"href":"https:\/\/blogs2.correiobraziliense.com.br\/vicente\/wp-json\/wp\/v2\/posts\/795","targetHints":{"allow":["GET"]}}],"collection":[{"href":"https:\/\/blogs2.correiobraziliense.com.br\/vicente\/wp-json\/wp\/v2\/posts"}],"about":[{"href":"https:\/\/blogs2.correiobraziliense.com.br\/vicente\/wp-json\/wp\/v2\/types\/post"}],"author":[{"embeddable":true,"href":"https:\/\/blogs2.correiobraziliense.com.br\/vicente\/wp-json\/wp\/v2\/users\/22"}],"replies":[{"embeddable":true,"href":"https:\/\/blogs2.correiobraziliense.com.br\/vicente\/wp-json\/wp\/v2\/comments?post=795"}],"version-history":[{"count":5,"href":"https:\/\/blogs2.correiobraziliense.com.br\/vicente\/wp-json\/wp\/v2\/posts\/795\/revisions"}],"predecessor-version":[{"id":800,"href":"https:\/\/blogs2.correiobraziliense.com.br\/vicente\/wp-json\/wp\/v2\/posts\/795\/revisions\/800"}],"wp:attachment":[{"href":"https:\/\/blogs2.correiobraziliense.com.br\/vicente\/wp-json\/wp\/v2\/media?parent=795"}],"wp:term":[{"taxonomy":"category","embeddable":true,"href":"https:\/\/blogs2.correiobraziliense.com.br\/vicente\/wp-json\/wp\/v2\/categories?post=795"},{"taxonomy":"post_tag","embeddable":true,"href":"https:\/\/blogs2.correiobraziliense.com.br\/vicente\/wp-json\/wp\/v2\/tags?post=795"}],"curies":[{"name":"wp","href":"https:\/\/api.w.org\/{rel}","templated":true}]}}