{"id":80,"date":"2015-04-03T12:55:00","date_gmt":"2015-04-03T15:55:00","guid":{"rendered":"https:\/\/blogs2.correiobraziliense.com.br\/vicente\/farra_com_dinheiro_de_trabalhadores\/"},"modified":"2015-04-03T12:55:00","modified_gmt":"2015-04-03T15:55:00","slug":"farra_com_dinheiro_de_trabalhadores","status":"publish","type":"post","link":"https:\/\/blogs2.correiobraziliense.com.br\/vicente\/farra_com_dinheiro_de_trabalhadores\/","title":{"rendered":"FARRA COM DINHEIRO DE TRABALHADORES"},"content":{"rendered":"\n<p>O governo est\u00e1 em alerta com a possibilidade de os fundos de pens\u00e3o das maiores empresas estatais do pa\u00eds precisarem de socorro. N\u00fameros que chegaram \u00e0s m\u00e3os de t\u00e9cnicos da equipe econ\u00f4mica s\u00e3o considerados \u201cassustadores\u201d e n\u00e3o podem ser atribu\u00eddos apenas \u00e0 \u201cconjuntura ruim dos mercados\u201d, como alegam os gestores. H\u00e1 ind\u00edcios claros de m\u00e1 gest\u00e3o e de malfeitos que colocam em risco a aposentadoria de milhares de trabalhadores.&nbsp;  <\/p>\n<p>O que mais preocupa os t\u00e9cnicos \u00e9 o fato de a farra de irregularidades nos fundos estar se dando sem que a Superintend\u00eancia Nacional de Previd\u00eancia Complementar (Previc), respons\u00e1vel por regular e fiscalizar as funda\u00e7\u00f5es, cumpra o seu papel. H\u00e1 fragilidade em tudo, do acompanhamento das opera\u00e7\u00f5es do sistema \u00e0 puni\u00e7\u00e3o. \u201cA impress\u00e3o que se tem \u00e9 a de que os dirigentes sabem que podem fazer o que quiserem e continuar\u00e3o impunes\u201d, diz um auxiliar do ministro da Fazenda, Joaquim Levy. <\/p>\n<p>A meta da equipe econ\u00f4mica \u00e9 apertar o cerco sobre os fundos das estatais, limpando, o m\u00e1ximo poss\u00edvel, as administra\u00e7\u00f5es de influ\u00eancias pol\u00edticas. Nos \u00faltimos anos, o PT e o PMDB ratearam o comando das funda\u00e7\u00f5es de estatais, que, juntas, ostentam patrim\u00f4nio superior a R$ 300 bilh\u00f5es e det\u00eam participa\u00e7\u00f5es nos maiores neg\u00f3cios do pa\u00eds. \u201cEssa excessiva politiza\u00e7\u00e3o faz com que as funda\u00e7\u00f5es insistam em permanecer nas p\u00e1ginas policiais, em vez de contribu\u00edrem para o crescimento econ\u00f4mico. Estamos falando dos maiores investidores do pa\u00eds\u201d, ressalta um t\u00e9cnico do Banco Central. <\/p>\n<p>O alerta da equipe econ\u00f4mica foi ligado, sobretudo, para a Funcef, dos funcion\u00e1rios da Caixa Econ\u00f4mica Federal; para o Postalis, dos empregados dos Correios; para a Petros, dos trabalhadores da Petrobras; e para a Fapes, dos servidores do Banco Nacional de Desenvolvimento Econ\u00f4mico e Social (BNDES). Apenas as quatro funda\u00e7\u00f5es acumulam buraco de quase R$ 20 bilh\u00f5es. No caso do Postalis, com deficit de R$ 5,6 bilh\u00f5es, se a funda\u00e7\u00e3o vendesse todos os seus ativos e fosse fechada hoje, ainda ficaria devendo R$ 600 milh\u00f5es. <\/p>\n<p>A meta do governo \u00e9 pressionar a Previc para que acelere o processo de puni\u00e7\u00e3o a dirigentes de fundos envolvidos em irregularidades. De nada adianta a superintend\u00eancia anunciar que est\u00e1 agindo se os resultados pr\u00e1ticos n\u00e3o aparecem e a m\u00e1 gest\u00e3o prevalece. \u201cO que se est\u00e1 vendo no sistema fechado de previd\u00eancia complementar \u00e9 estarrecedor. Ou agimos agora, ou o pa\u00eds ter\u00e1 de arcar com mais uma bomba que pode acabar caindo no colo do Tesouro Nacional\u201d, admite um influente servidor do Minist\u00e9rio da Previd\u00eancia. <\/p>\n<p><b>Limpeza no Tesouro<\/b> <\/p>\n<p>Joaquim Levy come\u00e7ou a mexer na estrutura do Tesouro Nacional, que se tornou, no primeiro mandato de Dilma Rousseff, o maior foco de desconfian\u00e7a do governo. Gente s\u00e9ria do Minist\u00e9rio da Fazenda quer saber se a \u201climpeza\u201d que est\u00e1 sendo feita pelo ministro vai acabar com os feudos das indica\u00e7\u00f5es para assentos nos conselhos de administra\u00e7\u00e3o das empresas nas quais o \u00f3rg\u00e3o tem participa\u00e7\u00e3o acion\u00e1ria. H\u00e1 servidores do Tesouro fazendo a festa com esses ganhos extras. <\/p>\n<p><b>Levy ficou maior<\/b> <\/p>\n<p>\u00bb Com a queda de ontem de d\u00f3lar e o \u00f3timo desempenho da Bolsa de Valores de S\u00e3o Paulo, o governo acredita que conseguiu derrotar aqueles que apostavam no fracasso do ministro da Fazenda nas negocia\u00e7\u00f5es com o Congresso. \u201cNa semana encurtada pelo feriado, Joaquim Levy ficou maior\u201d, afirma um ministro com tr\u00e2nsito no Planalto. <\/p>\n<p><b>Cr\u00e9dito minguado<\/b> <\/p>\n<p>\u00bb N\u00e3o \u00e9 \u00e0 toa que o varejo est\u00e1 pedindo \u00e1gua. Principal instrumento para as vendas, o cr\u00e9dito direto ao consumidor (CDC) est\u00e1 minguando, segundo dados do BC. Somente nos dois primeiros meses, os financiamentos de m\u00f3veis e eletrodom\u00e9sticos desabaram 49,4% em rela\u00e7\u00e3o ao mesmo per\u00edodo de 2014. Os juros altos, a infla\u00e7\u00e3o e o excesso de endividamento inibem qualquer revers\u00e3o desse quadro a curto prazo. <\/p>\n<p><b>Segure o d\u00f3lar<\/b> <\/p>\n<p>\u00bb Apesar do al\u00edvio com os resultados dos mercados na semana \u2014 o d\u00f3lar caiu 3,4% e a Bovespa subiu 6% \u2014, o governo n\u00e3o quer que os pre\u00e7os da moeda norte-americana recuem demais. Cota\u00e7\u00f5es pr\u00f3ximas de R$ 3,20 s\u00e3o vistas como cruciais para reduzir o rombo nas contas externas, que se mant\u00e9m acima de 4% do Produto Interno Bruto (PIB).<b> <\/p>\n<p><\/b><b>Avi\u00f5es quase vazios<\/b> <\/p>\n<p>\u00bb O Banco Central vem registrando queda acentuada nos gastos de turistas brasileiros no exterior. O tombo come\u00e7ou em janeiro, se acentuou em fevereiro e ficou maior em mar\u00e7o. H\u00e1 informa\u00e7\u00f5es de que voos para o exterior est\u00e3o saindo com metade dos assentos ocupados. S\u00f3 est\u00e3o insistindo nas viagens aqueles que j\u00e1 tinham pagado parte das despesas, como as passagens. <\/p>\n<p><i>Bras\u00edlia, 12h55min<\/i>   <\/p>\n","protected":false},"excerpt":{"rendered":"<p>O governo est\u00e1 em alerta com a possibilidade de os fundos de pens\u00e3o das maiores empresas estatais do pa\u00eds precisarem de socorro. N\u00fameros que chegaram \u00e0s m\u00e3os de t\u00e9cnicos da equipe econ\u00f4mica s\u00e3o considerados \u201cassustadores\u201d e n\u00e3o podem ser atribu\u00eddos apenas \u00e0 \u201cconjuntura ruim dos mercados\u201d, como alegam os gestores. H\u00e1 ind\u00edcios claros de m\u00e1 [&hellip;]<\/p>\n","protected":false},"author":22,"featured_media":0,"comment_status":"open","ping_status":"open","sticky":false,"template":"","format":"standard","meta":{"wpb_read_more":[],"footnotes":""},"categories":[1],"tags":[],"class_list":["post-80","post","type-post","status-publish","format-standard","hentry","category-sem-categoria"],"_links":{"self":[{"href":"https:\/\/blogs2.correiobraziliense.com.br\/vicente\/wp-json\/wp\/v2\/posts\/80","targetHints":{"allow":["GET"]}}],"collection":[{"href":"https:\/\/blogs2.correiobraziliense.com.br\/vicente\/wp-json\/wp\/v2\/posts"}],"about":[{"href":"https:\/\/blogs2.correiobraziliense.com.br\/vicente\/wp-json\/wp\/v2\/types\/post"}],"author":[{"embeddable":true,"href":"https:\/\/blogs2.correiobraziliense.com.br\/vicente\/wp-json\/wp\/v2\/users\/22"}],"replies":[{"embeddable":true,"href":"https:\/\/blogs2.correiobraziliense.com.br\/vicente\/wp-json\/wp\/v2\/comments?post=80"}],"version-history":[{"count":0,"href":"https:\/\/blogs2.correiobraziliense.com.br\/vicente\/wp-json\/wp\/v2\/posts\/80\/revisions"}],"wp:attachment":[{"href":"https:\/\/blogs2.correiobraziliense.com.br\/vicente\/wp-json\/wp\/v2\/media?parent=80"}],"wp:term":[{"taxonomy":"category","embeddable":true,"href":"https:\/\/blogs2.correiobraziliense.com.br\/vicente\/wp-json\/wp\/v2\/categories?post=80"},{"taxonomy":"post_tag","embeddable":true,"href":"https:\/\/blogs2.correiobraziliense.com.br\/vicente\/wp-json\/wp\/v2\/tags?post=80"}],"curies":[{"name":"wp","href":"https:\/\/api.w.org\/{rel}","templated":true}]}}