{"id":804,"date":"2016-04-21T20:34:18","date_gmt":"2016-04-21T23:34:18","guid":{"rendered":"https:\/\/blogs2.correiobraziliense.com.br\/vicente\/?p=804"},"modified":"2016-04-21T20:34:52","modified_gmt":"2016-04-21T23:34:52","slug":"perfis-na-rede","status":"publish","type":"post","link":"https:\/\/blogs2.correiobraziliense.com.br\/vicente\/perfis-na-rede\/","title":{"rendered":"PERFIS NA REDE"},"content":{"rendered":"<p>\u00bb T\u00e9cnicos do Banco Central j\u00e1 tra\u00e7aram os perfis dos nomes cogitados para assumir o comando da institui\u00e7\u00e3o em um eventual governo de Michel Temer.<\/p>\n<p>&nbsp;<\/p>\n<p><strong>Na linha do pombo<\/strong><\/p>\n<p>&nbsp;<\/p>\n<p>\u00bb Caso o escolhido seja Ilan Goldfajn, economista-chefe do Ita\u00fa Unibanco, a perspectiva \u00e9 de que a taxa b\u00e1sica de juros (Selic), que est\u00e1 em 14,25% ao ano, caia mais rapidamente. Ele \u00e9 visto como dovish, ou pombo na linguagem no mercado.<\/p>\n<p>&nbsp;<\/p>\n<p><strong>Queda gradual<\/strong><\/p>\n<p>&nbsp;<\/p>\n<p>\u00bb Se a op\u00e7\u00e3o for por M\u00e1rio Mesquita, s\u00f3cio do Banco Brasil Plural, a redu\u00e7\u00e3o da taxa Selic se dar\u00e1 de forma bem gradual, at\u00e9 que todas as expectativas de infla\u00e7\u00e3o estejam ancoradas no centro da meta, de 4,5%.<\/p>\n","protected":false},"excerpt":{"rendered":"<p>\u00bb T\u00e9cnicos do Banco Central j\u00e1 tra\u00e7aram os perfis dos nomes cogitados para assumir o comando da institui\u00e7\u00e3o em um eventual governo de Michel Temer. &nbsp; Na linha do pombo &nbsp; \u00bb Caso o escolhido seja Ilan Goldfajn, economista-chefe do Ita\u00fa Unibanco, a perspectiva \u00e9 de que a taxa b\u00e1sica de juros (Selic), que est\u00e1 [&hellip;]<\/p>\n","protected":false},"author":22,"featured_media":0,"comment_status":"open","ping_status":"closed","sticky":false,"template":"","format":"standard","meta":{"wpb_read_more":[],"footnotes":""},"categories":[1],"tags":[],"class_list":["post-804","post","type-post","status-publish","format-standard","hentry","category-sem-categoria"],"_links":{"self":[{"href":"https:\/\/blogs2.correiobraziliense.com.br\/vicente\/wp-json\/wp\/v2\/posts\/804","targetHints":{"allow":["GET"]}}],"collection":[{"href":"https:\/\/blogs2.correiobraziliense.com.br\/vicente\/wp-json\/wp\/v2\/posts"}],"about":[{"href":"https:\/\/blogs2.correiobraziliense.com.br\/vicente\/wp-json\/wp\/v2\/types\/post"}],"author":[{"embeddable":true,"href":"https:\/\/blogs2.correiobraziliense.com.br\/vicente\/wp-json\/wp\/v2\/users\/22"}],"replies":[{"embeddable":true,"href":"https:\/\/blogs2.correiobraziliense.com.br\/vicente\/wp-json\/wp\/v2\/comments?post=804"}],"version-history":[{"count":2,"href":"https:\/\/blogs2.correiobraziliense.com.br\/vicente\/wp-json\/wp\/v2\/posts\/804\/revisions"}],"predecessor-version":[{"id":806,"href":"https:\/\/blogs2.correiobraziliense.com.br\/vicente\/wp-json\/wp\/v2\/posts\/804\/revisions\/806"}],"wp:attachment":[{"href":"https:\/\/blogs2.correiobraziliense.com.br\/vicente\/wp-json\/wp\/v2\/media?parent=804"}],"wp:term":[{"taxonomy":"category","embeddable":true,"href":"https:\/\/blogs2.correiobraziliense.com.br\/vicente\/wp-json\/wp\/v2\/categories?post=804"},{"taxonomy":"post_tag","embeddable":true,"href":"https:\/\/blogs2.correiobraziliense.com.br\/vicente\/wp-json\/wp\/v2\/tags?post=804"}],"curies":[{"name":"wp","href":"https:\/\/api.w.org\/{rel}","templated":true}]}}