{"id":807,"date":"2016-04-22T08:30:06","date_gmt":"2016-04-22T11:30:06","guid":{"rendered":"https:\/\/blogs2.correiobraziliense.com.br\/vicente\/?p=807"},"modified":"2016-04-22T12:29:57","modified_gmt":"2016-04-22T15:29:57","slug":"diz-me-com-quem-andas-e-te-direi-quem-es","status":"publish","type":"post","link":"https:\/\/blogs2.correiobraziliense.com.br\/vicente\/diz-me-com-quem-andas-e-te-direi-quem-es\/","title":{"rendered":"DIZ-ME COM QUEM ANDAS E TE DIREI QUEM \u00c9S"},"content":{"rendered":"<p>O discurso \u00e9 sempre o mesmo. \u201cN\u00e3o h\u00e1 nada que me ligue a malfeitos, como tantos outros por a\u00ed\u201d, brada a presidente Dilma Rousseff. A tentativa de se apoiar na honestidade, no entanto, j\u00e1 n\u00e3o produz mais dividendos para a petista. Muito pelo contr\u00e1rio. Ao repetir tais palavras, ela s\u00f3 fica mais perecida com seu criador, o ex-presidente Lula, que nada via, nada sabia sobre o que acontecia ao seu redor. A corrup\u00e7\u00e3o est\u00e1 cada vez mais pr\u00f3xima de Dilma. N\u00e3o h\u00e1 como dissoci\u00e1-las.<\/p>\n<p>&nbsp;<\/p>\n<p>Dia ap\u00f3s dia, um novo nome ligado \u00e0 presidente da Rep\u00fablica aparece na lista dos suspeitos de envolvimento no maior esquema de desvio de dinheiro p\u00fablico da hist\u00f3ria do pa\u00eds. Sabe-se que Dilma n\u00e3o \u00e9 chegada a muitas pessoas. Tem um c\u00edrculo muito restrito de auxiliares que entram e saem de seu gabinete. Pois s\u00e3o justamente esses eleitos que figuram nos depoimentos e dela\u00e7\u00f5es feitos \u00e0 Justi\u00e7a. N\u00e3o h\u00e1 como a petista dizer que essas pessoas tamb\u00e9m a tra\u00edram como fez o vice, Michel Temer, a quem ela acusa de querer lhe aplicar um golpe para ape\u00e1-la do poder.<\/p>\n<p>&nbsp;<\/p>\n<p>Dos suspeitos de participarem do esquema criminoso financiado com recursos desviados da Petrobras, ningu\u00e9m \u00e9 mais pr\u00f3ximo da presidente do que Giles Azevedo, seu assessor especial. Ele \u00e9 acusado por Danielle Fonteles, dona da ag\u00eancia Pepper Interativa, de negociar, em nome do Pal\u00e1cio do Planalto, o pagamento de servi\u00e7os relativos \u00e0s campanhas da petista de 2010 e 2014 com dinheiro irregular movimentado por empreiteiras investigadas no \u00e2mbito da Opera\u00e7\u00e3o Lava-Jato.<\/p>\n<p>&nbsp;<\/p>\n<p>Em dela\u00e7\u00e3o premiada, que ainda n\u00e3o foi homologada, Danielle afirma que Giles tratava pessoalmente das fontes de financiamento das campanhas, dinheiro que n\u00e3o foi contabilizado na presta\u00e7\u00e3o de contas de Dilma registrada no Superior Tribunal Eleitoral (TSE). Segundo a revista Isto\u00c9, a Pepper foi usada como uma esp\u00e9cie de lavandeira do PT, que irrigou v\u00e1rias campanhas de integrantes do partido. Somente entre 2013 e 2015, R$ 58,3 milh\u00f5es passaram pelo caixa da empresa.<\/p>\n<p>&nbsp;<\/p>\n<p><b>Caixa 2<\/b><\/p>\n<p>&nbsp;<\/p>\n<p>Agora, sabe-se, tamb\u00e9m, que Guido Mantega, ex-ministro da Fazenda de Dilma e de Lula, teria participado do esquema de corrup\u00e7\u00e3o para garantir a reelei\u00e7\u00e3o de Dilma em 2014 por meio de caixa 2. Presa pela Lava-Jato, Monica Moura, mulher e s\u00f3cia do marqueteiro Jo\u00e3o Santana, revelou que Mantega negociou com empresas beneficiadas pelo governo o repasse de R$ 10 milh\u00f5es n\u00e3o declarados \u00e0 Justi\u00e7a para pagamento de servi\u00e7os prestados \u00e0 campanha da petista.<\/p>\n<p>&nbsp;<\/p>\n<p>Conforme relato de Monica publicado pelo jornal O Globo, o ex-ministro lhe indicou, mais de uma vez, executivos de companhias para fazerem repasses ilegais. Os recursos n\u00e3o passaram pela contabilidade do PT. Foram direto para as contas da delatora e do marido dela. Todas as movimenta\u00e7\u00f5es est\u00e3o registradas em uma agenda que n\u00e3o foi apreendida pela Pol\u00edcia Federal durante o processo de busca e apreens\u00e3o nas empresas e nas casas de Monica e Santana.<\/p>\n<p>&nbsp;<\/p>\n<p>Mantega foi, durante o primeiro mandato de Dilma, o ministro mais poderoso da Esplanda dos Minist\u00e9rios. Nem Lula conseguiu tir\u00e1-lo do cargo, apesar das constantes tentativas de substitu\u00ed-lo por Henrique Meirelles para dar uma cara nova ao governo. O ex-ministro foi o respons\u00e1vel, com o ent\u00e3o secret\u00e1rio do Tesouro Nacional, Arno Augustin, de maquiar as contas p\u00fablicas e de criar as pedaladas fiscais, que est\u00e3o na base do processo de impeachment de Dilma.<\/p>\n<p>&nbsp;<\/p>\n<p>Juntos, Mantega e Augustin, com o aval de Dilma, promoveram uma farra t\u00e3o grande de gastos com o intuito de reeleger a petista que quebraram o pa\u00eds. Somente em 2014 e 2105, provocaram um rombo nas finan\u00e7as do pa\u00eds de mais de R$ 140 bilh\u00f5es. A destrui\u00e7\u00e3o nas contas p\u00fablicas foi tamanha, que o deficit deste ano chegar\u00e1 a R$ 100 bilh\u00f5es e, pelas proje\u00e7\u00f5es do mercado, o buraco poder\u00e1 passar de R$ 120 bilh\u00f5es em 2017 \u2014 o governo fala em saldo de negativo de R$ 65 bilh\u00f5es.<\/p>\n<p>&nbsp;<\/p>\n<p><b>Tr\u00e2nsito livre<\/b><\/p>\n<p>&nbsp;<\/p>\n<p>O dedo podre de Dilma para escolher auxiliares e confidentes \u00e9 impressionante. Antonio Palocci, que foi seu ministro da Casa Civil e um dos coordenadores da campanha de 2010, \u00e9 citado em v\u00e1rias dela\u00e7\u00f5es como benefici\u00e1rio de dinheiro sujo. Tamb\u00e9m ex-ministra da Casa Civil, a encrencada Erenice Guerra aparece em den\u00fancias de irregularidade no Conselho Administrativo de Recursos Fiscais (Carf), o tribunal da Receita Federal, e em obras da usina de Belo Monte.<\/p>\n<p>&nbsp;<\/p>\n<p>Governador de Minas Gerais, Fernando Pimentel teve tr\u00e2nsito livre no Pal\u00e1cio do Planalto quando ministro do Desenvolvimento de Dilma.\u00a0Ele foi indiciado no \u00e2mbito da Opera\u00e7\u00e3o Acr\u00f4nimo por organiza\u00e7\u00e3o criminosa, corrup\u00e7\u00e3o passiva e lavagem de dinheiro. Pimentel, curiosamente, tem fortes liga\u00e7\u00f5es com a Pepper.\u00a0H\u00e1 indica\u00e7\u00f5es de que a empresa de Danielle Fonteles foi usada para lhe repassar recursos do Banco Nacional de Desenvolvimento Econ\u00f4mico e Social (BNDES).<\/p>\n<p>&nbsp;<\/p>\n<p>Dilma ainda teve, no seu c\u00edrculo \u00edntimo, o senador Delc\u00eddio do Amaral, que foi preso pela Lava-Jato. Ex-l\u00edder do governo, ele revelou, em dela\u00e7\u00e3o homologada pelo Supremo Tribunal Federal (STF), que a presidente e Lula tentaram obstruir as investiga\u00e7\u00f5es sobre corrup\u00e7\u00e3o na Petrobras e trabalharam nos bastidores para soltar empreiteiros presos, entre eles, Marcelo Odebrecht.<\/p>\n<p>&nbsp;<\/p>\n<p>Com tantos amigos e auxiliares pegos em il\u00edcitos, fica dif\u00edcil para Dilma se fazer de v\u00edtima e injusti\u00e7ada. N\u00e3o \u00e0 toa, a desconfian\u00e7a em rela\u00e7\u00e3o a ela \u00e9 enorme. A petista, que discursa hoje na Organiza\u00e7\u00e3o das Na\u00e7\u00f5es Unidas (ONU), em Nova York, deveria fazer uma bela autocr\u00edtica sobre as rela\u00e7\u00f5es nada abonadores que manteve. Atirar pedras \u00e9 f\u00e1cil. Isso, o partido dela, o PT, sabe fazer melhor do que ningu\u00e9m.<\/p>\n<p>&nbsp;<\/p>\n<p>Bras\u00edlia, 8h30min<\/p>\n","protected":false},"excerpt":{"rendered":"<p>O discurso \u00e9 sempre o mesmo. \u201cN\u00e3o h\u00e1 nada que me ligue a malfeitos, como tantos outros por a\u00ed\u201d, brada a presidente Dilma Rousseff. A tentativa de se apoiar na honestidade, no entanto, j\u00e1 n\u00e3o produz mais dividendos para a petista. Muito pelo contr\u00e1rio. Ao repetir tais palavras, ela s\u00f3 fica mais perecida com seu [&hellip;]<\/p>\n","protected":false},"author":22,"featured_media":0,"comment_status":"open","ping_status":"closed","sticky":false,"template":"","format":"standard","meta":{"wpb_read_more":[],"footnotes":""},"categories":[1],"tags":[],"class_list":["post-807","post","type-post","status-publish","format-standard","hentry","category-sem-categoria"],"_links":{"self":[{"href":"https:\/\/blogs2.correiobraziliense.com.br\/vicente\/wp-json\/wp\/v2\/posts\/807","targetHints":{"allow":["GET"]}}],"collection":[{"href":"https:\/\/blogs2.correiobraziliense.com.br\/vicente\/wp-json\/wp\/v2\/posts"}],"about":[{"href":"https:\/\/blogs2.correiobraziliense.com.br\/vicente\/wp-json\/wp\/v2\/types\/post"}],"author":[{"embeddable":true,"href":"https:\/\/blogs2.correiobraziliense.com.br\/vicente\/wp-json\/wp\/v2\/users\/22"}],"replies":[{"embeddable":true,"href":"https:\/\/blogs2.correiobraziliense.com.br\/vicente\/wp-json\/wp\/v2\/comments?post=807"}],"version-history":[{"count":4,"href":"https:\/\/blogs2.correiobraziliense.com.br\/vicente\/wp-json\/wp\/v2\/posts\/807\/revisions"}],"predecessor-version":[{"id":811,"href":"https:\/\/blogs2.correiobraziliense.com.br\/vicente\/wp-json\/wp\/v2\/posts\/807\/revisions\/811"}],"wp:attachment":[{"href":"https:\/\/blogs2.correiobraziliense.com.br\/vicente\/wp-json\/wp\/v2\/media?parent=807"}],"wp:term":[{"taxonomy":"category","embeddable":true,"href":"https:\/\/blogs2.correiobraziliense.com.br\/vicente\/wp-json\/wp\/v2\/categories?post=807"},{"taxonomy":"post_tag","embeddable":true,"href":"https:\/\/blogs2.correiobraziliense.com.br\/vicente\/wp-json\/wp\/v2\/tags?post=807"}],"curies":[{"name":"wp","href":"https:\/\/api.w.org\/{rel}","templated":true}]}}