{"id":828,"date":"2016-04-26T07:14:23","date_gmt":"2016-04-26T10:14:23","guid":{"rendered":"https:\/\/blogs2.correiobraziliense.com.br\/vicente\/?p=828"},"modified":"2016-04-26T07:14:23","modified_gmt":"2016-04-26T10:14:23","slug":"o-desespero-bate-porta","status":"publish","type":"post","link":"https:\/\/blogs2.correiobraziliense.com.br\/vicente\/o-desespero-bate-porta\/","title":{"rendered":"O DESESPERO BATE \u00c0 PORTA"},"content":{"rendered":"<p>Mais do que o nome para o Minist\u00e9rio da Fazenda, o que os investidores querem saber \u00e9 o tamanho da for\u00e7a pol\u00edtica que o vice-presidente da Rep\u00fablica, Michel Temer, ter\u00e1 caso o Senado aprove o impeachment da presidente Dilma Rousseff. De nada adiantar\u00e1 a escolha de uma mente brilhante para comandar a equipe econ\u00f4mica se o peemedebista n\u00e3o tiver uma base s\u00f3lida no Congresso para aprovar as medidas necess\u00e1rias para tirar o pa\u00eds do atoleiro.<\/p>\n<p>&nbsp;<\/p>\n<p>Temer se vangloria de ser um h\u00e1bil articulador pol\u00edtico, mas precisar\u00e1 de um jogo de cintura impressionante para conquistar votos suficientes no Congresso. O rateio do poss\u00edvel governo ter\u00e1 que ser muito bem desenhado para n\u00e3o haver dissid\u00eancias que possam resultar em derrota. Bastar\u00e1 o primeiro baque para que a desconfian\u00e7a dos agentes econ\u00f4micos retorne com tudo. A euforia comedida dos mercados reflete exatamente esse temor. Temer pode repetir Dilma.<\/p>\n<p>&nbsp;<\/p>\n<p>N\u00e3o h\u00e1 d\u00favidas de que os erros em s\u00e9rie da petista quebraram o pa\u00eds. Mas o Congresso teve papel preponderante para transformar o Brasil em terra arrasada ao n\u00e3o aprovar projetos que poderiam amenizar o desarranjo fiscal. Pior, apresentou uma s\u00e9rie de propostas, batizadas de pautas-bomba, que acabaram por turvar de vez o horizonte. O resultado dessa equa\u00e7\u00e3o perversa est\u00e1 a\u00ed: 10,4 milh\u00f5es de desempregados e ao menos dois anos seguidos de queda do Produto Interno Bruto (PIB).<\/p>\n<p>&nbsp;<\/p>\n<p>Para os investidores mais c\u00e9ticos, Temer \u00e9 a pr\u00f3pria indefini\u00e7\u00e3o. Ainda que ele tenha chances concretas de chegar ao Pal\u00e1cio do Planalto nas pr\u00f3ximas semanas, pode ser cassado, com Dilma, pelo Tribunal Superior Eleitoral (TSE). H\u00e1 a possibilidade de, passados os 180 dias estipulados para a vota\u00e7\u00e3o final do impeachment, a petista voltar ao poder. Tamb\u00e9m est\u00e1 no radar uma grande den\u00fancia envolvendo o vice na corrup\u00e7\u00e3o que devastou a Petrobras e foi desvendada pela Opera\u00e7\u00e3o Lava-Jato.<\/p>\n<p>&nbsp;<\/p>\n<p>N\u00e3o \u00e9 s\u00f3. Se assumir a Presid\u00eancia da Rep\u00fablica, o peemedebista ter\u00e1 uma enorme rejei\u00e7\u00e3o popular. Pela mais recente pesquisa Ibope, apenas 8% da popula\u00e7\u00e3o o avalizam para suceder Dilma. O mesmo levantamento mostra que h\u00e1 um desejo latente dos brasileiros \u2014 62% \u2014 por elei\u00e7\u00f5es gerais em outubro pr\u00f3ximo. Mas n\u00e3o h\u00e1 um candidato capaz de aglutinar apoio, nem neste ano, nem em 2018.<\/p>\n<p>&nbsp;<\/p>\n<p><b>Desejo e realidade<\/b><\/p>\n<p>&nbsp;<\/p>\n<p>A falta de um nome potente para ocupar o v\u00e1cuo num pa\u00eds em que os pol\u00edticos est\u00e3o desacreditados \u00e9, por sinal, o que move os dois principais pretendentes ao Minist\u00e9rio da Fazenda de Temer. Henrique Meirelles, do PSD, e Jos\u00e9 Serra, do PSDB, t\u00eam grandes ambi\u00e7\u00f5es pol\u00edticas. Os dois acreditam que, se conseguirem retirar o Brasil do limbo, retomando o crescimento econ\u00f4mico, poder\u00e3o se transformar no azar\u00e3o que ser\u00e1 premiado pelas urnas.<\/p>\n<p>&nbsp;<\/p>\n<p>Tantas d\u00favidas explicitam o tamanho do abismo no qual o pa\u00eds mergulhou. Para qualquer lado que se olhe, os destro\u00e7os est\u00e3o esparramados. A pol\u00edtica se transformou em um teatro de absurdos. Na economia, fam\u00edlias e empresas est\u00e3o quebradas. A \u00e9tica sumiu h\u00e1 muito tempo e o deboche se tornou rotina. N\u00e3o h\u00e1 como acreditar que Temer seja a pessoa mais correta para resgatar uma Na\u00e7\u00e3o. Portanto, s\u00f3 nos resta o desespero.<\/p>\n<p>&nbsp;<\/p>\n<p>Bras\u00edlia, 07h13min<\/p>\n","protected":false},"excerpt":{"rendered":"<p>Mais do que o nome para o Minist\u00e9rio da Fazenda, o que os investidores querem saber \u00e9 o tamanho da for\u00e7a pol\u00edtica que o vice-presidente da Rep\u00fablica, Michel Temer, ter\u00e1 caso o Senado aprove o impeachment da presidente Dilma Rousseff. De nada adiantar\u00e1 a escolha de uma mente brilhante para comandar a equipe econ\u00f4mica se [&hellip;]<\/p>\n","protected":false},"author":22,"featured_media":0,"comment_status":"open","ping_status":"closed","sticky":false,"template":"","format":"standard","meta":{"wpb_read_more":[],"footnotes":""},"categories":[1],"tags":[],"class_list":["post-828","post","type-post","status-publish","format-standard","hentry","category-sem-categoria"],"_links":{"self":[{"href":"https:\/\/blogs2.correiobraziliense.com.br\/vicente\/wp-json\/wp\/v2\/posts\/828","targetHints":{"allow":["GET"]}}],"collection":[{"href":"https:\/\/blogs2.correiobraziliense.com.br\/vicente\/wp-json\/wp\/v2\/posts"}],"about":[{"href":"https:\/\/blogs2.correiobraziliense.com.br\/vicente\/wp-json\/wp\/v2\/types\/post"}],"author":[{"embeddable":true,"href":"https:\/\/blogs2.correiobraziliense.com.br\/vicente\/wp-json\/wp\/v2\/users\/22"}],"replies":[{"embeddable":true,"href":"https:\/\/blogs2.correiobraziliense.com.br\/vicente\/wp-json\/wp\/v2\/comments?post=828"}],"version-history":[{"count":1,"href":"https:\/\/blogs2.correiobraziliense.com.br\/vicente\/wp-json\/wp\/v2\/posts\/828\/revisions"}],"predecessor-version":[{"id":829,"href":"https:\/\/blogs2.correiobraziliense.com.br\/vicente\/wp-json\/wp\/v2\/posts\/828\/revisions\/829"}],"wp:attachment":[{"href":"https:\/\/blogs2.correiobraziliense.com.br\/vicente\/wp-json\/wp\/v2\/media?parent=828"}],"wp:term":[{"taxonomy":"category","embeddable":true,"href":"https:\/\/blogs2.correiobraziliense.com.br\/vicente\/wp-json\/wp\/v2\/categories?post=828"},{"taxonomy":"post_tag","embeddable":true,"href":"https:\/\/blogs2.correiobraziliense.com.br\/vicente\/wp-json\/wp\/v2\/tags?post=828"}],"curies":[{"name":"wp","href":"https:\/\/api.w.org\/{rel}","templated":true}]}}