{"id":830,"date":"2016-04-26T12:20:32","date_gmt":"2016-04-26T15:20:32","guid":{"rendered":"https:\/\/blogs2.correiobraziliense.com.br\/vicente\/?p=830"},"modified":"2016-04-26T13:05:02","modified_gmt":"2016-04-26T16:05:02","slug":"com-meirelles-na-fazenda-mario-mesquita-fica-mais-proximo-do-bc","status":"publish","type":"post","link":"https:\/\/blogs2.correiobraziliense.com.br\/vicente\/com-meirelles-na-fazenda-mario-mesquita-fica-mais-proximo-do-bc\/","title":{"rendered":"COM MEIRELLES NA FAZENDA, M\u00c1RIO MESQUITA FICA MAIS PR\u00d3XIMO DO BC"},"content":{"rendered":"<p>Com Henrique Meirelles praticamente confirmado para o Minist\u00e9rio da Fazenda de um eventual governo de Michel Temer, o nome mais forte para a presid\u00eancia do Banco Central \u00e9 o de M\u00e1rio Mesquita, que foi diretor da institui\u00e7\u00e3o e hoje \u00e9 s\u00f3cio do Banco Brasil Plural.<\/p>\n<p>&nbsp;<\/p>\n<p>Mesquita \u00e9 considerado um dos economistas mais bem preparados do pa\u00eds, apontado como linha-dura no combate \u00e0 infla\u00e7\u00e3o. No entender dos analistas, se ele vier a substituir Alexandre Tombini no BC, n\u00e3o aceler\u00e1 o passo para cortar a taxa b\u00e1sica de juros (Selic), que est\u00e1 em 14,25% ao ano. A redu\u00e7\u00e3o ser\u00e1 gradual, para que a infla\u00e7\u00e3o convirja para o centro da meta, de 4,5%, o mais rapidamente poss\u00edvel.<\/p>\n<p>&nbsp;<\/p>\n<p>Est\u00e3o ainda na lista de cotados para o BC o economista-chefe do Ita\u00fa Unibanco, Ilan Goldfajn, e Amaury Bier, ex-secret\u00e1rio de Pol\u00edtica Econ\u00f4mica do Minist\u00e9rio da Fazenda e muito pr\u00f3ximo de Arm\u00ednio Fraga, com que trabalha na G\u00e1vea Investimentos.<\/p>\n<p>&nbsp;<\/p>\n<p>Nao se pode esquecer, por\u00e9m, que Meirelles tamb\u00e9m \u00e9 muito pr\u00f3ximo de Carlos Hamilton Ara\u00fajo, que sucedeu Mesquita da diretoria de Pol\u00edtica Econ\u00f4mica do BC. Quando deixou o banco, Hamilton foi convidado por Meirelles para trabalhar com ele no Grupo JBS. Hamilton responde por uma das diretorias da f\u00e1brica de celulose Eldorado.<\/p>\n<p>&nbsp;<\/p>\n<p>Hoje, o BC d\u00e1 in\u00edcio a mais uma reuni\u00e3o do Comit\u00ea de Pol\u00edtica Monet\u00e1ria (Copom). A tend\u00eancia \u00e9 de a diretoria do banco votar por unanimidade pela manuten\u00e7\u00e3o da Selic em 14,25%.<\/p>\n<p>&nbsp;<\/p>\n<p>Bras\u00edlia, 12h18min<\/p>\n","protected":false},"excerpt":{"rendered":"<p>Com Henrique Meirelles praticamente confirmado para o Minist\u00e9rio da Fazenda de um eventual governo de Michel Temer, o nome mais forte para a presid\u00eancia do Banco Central \u00e9 o de M\u00e1rio Mesquita, que foi diretor da institui\u00e7\u00e3o e hoje \u00e9 s\u00f3cio do Banco Brasil Plural. &nbsp; Mesquita \u00e9 considerado um dos economistas mais bem preparados [&hellip;]<\/p>\n","protected":false},"author":22,"featured_media":0,"comment_status":"open","ping_status":"closed","sticky":false,"template":"","format":"standard","meta":{"wpb_read_more":[],"footnotes":""},"categories":[1],"tags":[],"class_list":["post-830","post","type-post","status-publish","format-standard","hentry","category-sem-categoria"],"_links":{"self":[{"href":"https:\/\/blogs2.correiobraziliense.com.br\/vicente\/wp-json\/wp\/v2\/posts\/830","targetHints":{"allow":["GET"]}}],"collection":[{"href":"https:\/\/blogs2.correiobraziliense.com.br\/vicente\/wp-json\/wp\/v2\/posts"}],"about":[{"href":"https:\/\/blogs2.correiobraziliense.com.br\/vicente\/wp-json\/wp\/v2\/types\/post"}],"author":[{"embeddable":true,"href":"https:\/\/blogs2.correiobraziliense.com.br\/vicente\/wp-json\/wp\/v2\/users\/22"}],"replies":[{"embeddable":true,"href":"https:\/\/blogs2.correiobraziliense.com.br\/vicente\/wp-json\/wp\/v2\/comments?post=830"}],"version-history":[{"count":3,"href":"https:\/\/blogs2.correiobraziliense.com.br\/vicente\/wp-json\/wp\/v2\/posts\/830\/revisions"}],"predecessor-version":[{"id":833,"href":"https:\/\/blogs2.correiobraziliense.com.br\/vicente\/wp-json\/wp\/v2\/posts\/830\/revisions\/833"}],"wp:attachment":[{"href":"https:\/\/blogs2.correiobraziliense.com.br\/vicente\/wp-json\/wp\/v2\/media?parent=830"}],"wp:term":[{"taxonomy":"category","embeddable":true,"href":"https:\/\/blogs2.correiobraziliense.com.br\/vicente\/wp-json\/wp\/v2\/categories?post=830"},{"taxonomy":"post_tag","embeddable":true,"href":"https:\/\/blogs2.correiobraziliense.com.br\/vicente\/wp-json\/wp\/v2\/tags?post=830"}],"curies":[{"name":"wp","href":"https:\/\/api.w.org\/{rel}","templated":true}]}}